{"id":6822,"date":"2020-07-19T09:36:00","date_gmt":"2020-07-19T09:36:00","guid":{"rendered":"http:\/\/www.sofagoesabroad.de\/?p=6822"},"modified":"2020-08-04T13:06:46","modified_gmt":"2020-08-04T13:06:46","slug":"bolsonaros-gefaehrliches-spiel-mit-den-medien","status":"publish","type":"post","link":"http:\/\/www.sofagoesabroad.de\/en\/bolsonaros-gefaehrliches-spiel-mit-den-medien\/","title":{"rendered":"Bolsonaros gef\u00e4hrliches Spiel mit den Medien"},"content":{"rendered":"\n<h1>Wie der brasilianische Pr\u00e4sident die Medienlandschaft beeinflusst.<\/h1>\n<p>Den Sand zwischen den Zehen und die Meeresluft im Gesicht zu sp\u00fcren nach dem strikten Lockdown wirkt so friedlich. Man k\u00f6nnte denken, ich w\u00fcrde nicht in dem Land mit den zweitmeisten Covid-19 F\u00e4llen weltweit leben. Auf dem Weg nach Hause nehme ich meine Hawaianas und mein Strandtuch mit der brasilianischen Flagge mit und m\u00f6chte im Skulpturenpark des lokalen Einkaufzentrums ein Erinnerungsbild schie\u00dfen. Nur wenige Sekunden sp\u00e4ter bin ich von Security-Leuten umgeben, die mir in einem recht aggressiven Ton dies verbieten wollen. Bin ich zu nah an die Skulptur gekommen? Habe ich das Gel\u00e4nde zu einer verbotenen Zeit betreten?<\/p>\n\n\n\n<div class=\"wp-block-image\"><figure class=\"aligncenter size-large\"><img data-recalc-dims=\"1\" loading=\"lazy\" decoding=\"async\" width=\"324\" height=\"340\" data-attachment-id=\"6823\" data-permalink=\"http:\/\/www.sofagoesabroad.de\/en\/bolsonaros-gefaehrliches-spiel-mit-den-medien\/alina\/\" data-orig-file=\"https:\/\/i0.wp.com\/www.sofagoesabroad.de\/wp-content\/uploads\/2020\/07\/alina.png?fit=324%2C340\" data-orig-size=\"324,340\" data-comments-opened=\"1\" data-image-meta=\"{&quot;aperture&quot;:&quot;0&quot;,&quot;credit&quot;:&quot;&quot;,&quot;camera&quot;:&quot;&quot;,&quot;caption&quot;:&quot;&quot;,&quot;created_timestamp&quot;:&quot;0&quot;,&quot;copyright&quot;:&quot;&quot;,&quot;focal_length&quot;:&quot;0&quot;,&quot;iso&quot;:&quot;0&quot;,&quot;shutter_speed&quot;:&quot;0&quot;,&quot;title&quot;:&quot;&quot;,&quot;orientation&quot;:&quot;0&quot;}\" data-image-title=\"alina\" data-image-description=\"\" data-image-caption=\"\" data-large-file=\"https:\/\/i0.wp.com\/www.sofagoesabroad.de\/wp-content\/uploads\/2020\/07\/alina.png?fit=324%2C340\" src=\"https:\/\/i0.wp.com\/www.sofagoesabroad.de\/wp-content\/uploads\/2020\/07\/alina.png?resize=324%2C340\" alt=\"\" class=\"wp-image-6823\" srcset=\"https:\/\/i0.wp.com\/www.sofagoesabroad.de\/wp-content\/uploads\/2020\/07\/alina.png?w=324 324w, https:\/\/i0.wp.com\/www.sofagoesabroad.de\/wp-content\/uploads\/2020\/07\/alina.png?resize=286%2C300 286w\" sizes=\"auto, (max-width: 324px) 100vw, 324px\" \/><\/figure><\/div>\n\n\n\n<p>Auf die Frage, was genau ich verbrochen habe kam die Antwort: \u201eSie zeigen die brasilianische Flagge\u201c<\/p>\n<p>Dieses Argument klang f\u00fcr mich in diesem Moment genauso unverst\u00e4ndlich wie f\u00fcr Sie, jedoch gibt es daf\u00fcr leider Gr\u00fcnde, warum das Zeigen der Flagge problematisch ist. Figuren wie <a href=\"https:\/\/www.bbc.com\/portuguese\/brasil-53053329\">Sara Winter<\/a>, die sich in sozialen Netzwerken als Patrioten und Bolsonaro Anh\u00e4nger pr\u00e4sentiert, indem sie Fotos in blau-gr\u00fcn-gelb postet, ist ein Teil eines gef\u00e4hrlichen Trends. Eines Trends, bei dem die Fahne nicht unschuldigen Patriotismus symbolisiert. Ein Foto mit einer brasilianischen Flagge in den Sozialen Medien zu teilen und das Einkaufszentrum zu markieren h\u00e4tte sowohl mir als auch dem Eigent\u00fcmer des Einkaufszentrums, dem reichsten Mann des Bundestaates, eine politische Pr\u00e4ferenz zugeschrieben.<\/p>\n<h2>Flagge zeigen, Bolsonaro Regierung unterst\u00fctzen.<\/h2>\n<p>Seit Beginn des Wahlkampfes 2017 nutzte der jetzige brasilianische Pr\u00e4sident Jair Bolsonaro die brasilianische Nationalflagge als Zeichen des Patriotismus in seiner Wahlkampagne. Dies benutzen die Anh\u00e4nger von Bolsonaro, auch Bolsominios genannt, um ihre Unterst\u00fctzung gegen\u00fcber dem Pr\u00e4sidenten in der \u00d6ffentlichkeit zu repr\u00e4sentieren. Dies fiel in Zeiten der Pandemie durch die w\u00fctenden <a href=\"https:\/\/veja.abril.com.br\/brasil\/gdf-preve-mudancas-em-decreto-manifestacao-esta-proibida\/retrieved\">blau-gr\u00fcn-gelben Mobs<\/a> auf, die haupts\u00e4chlich in Brasilia f\u00fcr die Wiederer\u00f6ffnungen der Wirtschaft und gegen die Covid-19 Ma\u00dfnahmen gestreikt haben. Vor allem in den Sozialen Medien hei\u00dft es, wer Flagge zeigt, unterst\u00fctzt die Bolsonaro Regierung.<\/p>\n<h2>Was man nicht wei\u00df, macht einen nicht hei\u00df<\/h2>\n<p>Am Freitag den 05. Juni ver\u00f6ffentlichte das Gesundheitsministerium ein Schreiben, in dem es die <a href=\"https:\/\/g1.globo.com\/politica\/noticia\/2020\/06\/06\/apos-reduzir-boletim-governo-bolsonaro-retira-dados-acumulados-da-covid-19-de-site-oficial.ghtml\">Ver\u00f6ffentlichung von den Statistiken der Covid-19 F\u00e4lle und Verstorbenen beschr\u00e4nkt<\/a>. \u00dcber 24 Stunden wurde die offizielle Seite des Ministeriums nicht aktualisiert, in der Hoffnung, dass dies die einzige Art und Weise ist, wie sich die Bev\u00f6lkerung \u00fcber die aktuelle Situation der Pandemie informiert. Der \u00dcbergangsminister des Gesundheitsministeriums <a href=\"https:\/\/www.saude.gov.br\/o-ministro\">Eduardo Pazuello<\/a>, ein General mit \u00fcberschaubarer medizinischer Erfahrung, begr\u00fcndete die Beschr\u00e4nkung durch aufgeblasene und unrealistische Nummern in den Medien. Diese w\u00fcrden die Bev\u00f6lkerung beunruhigen und den Wiederaufbau des Landes entgegenst\u00fcnden. Jeder Tod eines Brasilianers w\u00fcrde als Covid-19 Tod verzeichnet werden, um Situation verschlimmert darzustellen. Zwar wurde die Internetseite der Regierung nach massivem \u00f6ffentlichem Druck wieder aktualisiert, jedoch <a href=\"https:\/\/www1.folha.uol.com.br\/equilibrioesaude\/2020\/06\/brasil-lidera-desinformacao-sobre-numero-de-casos-e-mortes-por-covid-19-no-mundo.shtml\">nicht mit akkuraten Nummern<\/a>. Aus der Not, fehlende Statistiken zu erschlie\u00dfen, schlossen sich mehrere Mediengruppen zusammen. Als zusammengeschlossene Mediengruppen ver\u00f6ffentlichen sie Covid-19 Statistiken, die sie aus den ver\u00f6ffentlichen Zahlen der einzelnen Bundesstaaten zusammenrechnen. Die Statistiken des Gesundheitsministeriums und der Medien unterscheiden sich bis heute drastisch.<\/p>\n<h2>#FAKENEWS<\/h2>\n<p>Die \u00c4u\u00dferung von der Bolsonaro Regierung, dass die Medien die Covid-19 Statistiken drastischer darstellen, wird stark in den Sozialen Medien \u00fcber die \u201eBolsonaro News\u201c verbreitet. Einen bestimmten Post, indem der national gr\u00f6\u00dften Mediengruppe GLOBO genau dies vorgeworfen wurde, wurde von Facebook als Falschmedlung eingestuft. Dies war jedoch erst der Anfang der Facebook-Untersuchung. Facebook hat ein ganzes <a href=\"https:\/\/g1.globo.com\/economia\/tecnologia\/noticia\/2020\/07\/08\/investigacao-aponta-assessor-de-bolsonaro-como-responsavel-de-pagina-de-fake-news-derrubada-pelo-facebook.ghtml\">\u201cFakenews-Netzwerk\u201d<\/a> der Bolsonaros mit insgesamt 35 Konten, 14 Seiten und einer Gruppe auf Facebook und 38 Konten auf Instagram blockiert.<\/p>\n\n\n\n<div class=\"wp-block-image\"><figure class=\"aligncenter size-large\"><img data-recalc-dims=\"1\" loading=\"lazy\" decoding=\"async\" width=\"790\" height=\"475\" data-attachment-id=\"6824\" data-permalink=\"http:\/\/www.sofagoesabroad.de\/en\/bolsonaros-gefaehrliches-spiel-mit-den-medien\/alina2\/\" data-orig-file=\"https:\/\/i0.wp.com\/www.sofagoesabroad.de\/wp-content\/uploads\/2020\/07\/alina2.png?fit=832%2C500\" data-orig-size=\"832,500\" data-comments-opened=\"1\" data-image-meta=\"{&quot;aperture&quot;:&quot;0&quot;,&quot;credit&quot;:&quot;&quot;,&quot;camera&quot;:&quot;&quot;,&quot;caption&quot;:&quot;&quot;,&quot;created_timestamp&quot;:&quot;0&quot;,&quot;copyright&quot;:&quot;&quot;,&quot;focal_length&quot;:&quot;0&quot;,&quot;iso&quot;:&quot;0&quot;,&quot;shutter_speed&quot;:&quot;0&quot;,&quot;title&quot;:&quot;&quot;,&quot;orientation&quot;:&quot;0&quot;}\" data-image-title=\"alina2\" data-image-description=\"\" data-image-caption=\"\" data-large-file=\"https:\/\/i0.wp.com\/www.sofagoesabroad.de\/wp-content\/uploads\/2020\/07\/alina2.png?fit=790%2C475\" src=\"https:\/\/i0.wp.com\/www.sofagoesabroad.de\/wp-content\/uploads\/2020\/07\/alina2.png?resize=790%2C475\" alt=\"\" class=\"wp-image-6824\" srcset=\"https:\/\/i0.wp.com\/www.sofagoesabroad.de\/wp-content\/uploads\/2020\/07\/alina2.png?w=832 832w, https:\/\/i0.wp.com\/www.sofagoesabroad.de\/wp-content\/uploads\/2020\/07\/alina2.png?resize=300%2C180 300w, https:\/\/i0.wp.com\/www.sofagoesabroad.de\/wp-content\/uploads\/2020\/07\/alina2.png?resize=768%2C462 768w\" sizes=\"auto, (max-width: 790px) 100vw, 790px\" \/><figcaption><a href=\"https:\/\/oglobo.globo.com\/brasil\/instagram-marca-como-falsa-informacao-publicada-no-perfil-de-bolsonaro-sobre-mortes-por-covid-19-24422489\">Ein als Falschmeldung kategorisierter Post, indem dem Bolsonaro behauptet, das C\u00e9ara, eines der meist betroffenen Bundesstaaten, im Vorjahr mehr Atemwegskrankheiten hatte.&nbsp;<\/a><\/figcaption><\/figure><\/div>\n\n\n\n<p>Der Falschmeldungs Vorwurf ist eine Vermutung, dem die brasilianischen Beh\u00f6rden schon seit l\u00e4ngeren nachgehen. Die <a href=\"https:\/\/www1.folha.uol.com.br\/poder\/2020\/04\/pf-identifica-carlos-bolsonaro-como-articulador-em-esquema-criminoso-de-fake-news.shtml\">Policia Federal untersucht den Verdacht<\/a> seit April diesen Jahres und hat bis jetzt vor allem den Sohn des Pr\u00e4sidenten Carlos Bolsonaro im Visier. Der Pr\u00e4sident selbst ist erst durch die Facebook Blockierung ins Visier der Beh\u00f6rden geraten. Die Falschinformationen handeln haupts\u00e4chlich von Behauptungen, die den Stand der Pandemie verharmlosen sollen.<\/p>\n<h2>Bolsonaro als Hydroxychloroquin Vorbild<\/h2>\n<p>Am 07. Juli erreicht ganz Brasilien die Nachricht, dass Pr\u00e4sident Bolsonaro positiv auf Covid-19 getestet wurde. Ein Ergebnis, das bei seinem Umgang mit den Covid-19 Pr\u00e4ventionen nicht wirklich verwunderlich ist. Das Bad in der Menge bei Pro-Bolsonaro-Protesten in Brasilia, engbepackte Konferenzen mit allen Ministern und eine Reise durchs Land standen auf seiner <a href=\"https:\/\/www.nexojornal.com.br\/expresso\/2020\/07\/07\/Como-Bolsonaro-usa-a-infec%C3%A7%C3%A3o-pela-covid-19-a-favor-de-sua-agenda\">Tagesordnung<\/a>. Nat\u00fcrlich tat er all dies ohne Masken und mit H\u00e4ndesch\u00fctteln. Die Reise durchs Land sollte durch medialen Pr\u00e4senz die wirtschaftlichen Erfolge demonstrieren und die sozialen, medizinischen Probleme der Krise verbergen. Dadurch, dass er sich so sehr in den Medien pr\u00e4sentierte, ist leider ersichtbar, wie viele Menschen Bolsonaro angesteckt haben k\u00f6nnte. Nach meiner eigenen Rechnung k\u00f6nnen sich bis zu 100 Menschen, haupts\u00e4chlich politische Berater, angesteckt haben.<\/p>\n<p>Die Hoffnung, dass die Erkrankung des Landesoberhauptes die Bestreiter aufweckt und die Regierung zum Umdenken zwingt, wie es in England der Fall war, ist nach kurzer Zeit erloschen. Um seine Unantastbarkeit zu demonstrieren, gibt Bolsonaro weiterhin pers\u00f6nliche Pressekonferenzen mit Reportern und zeigt die milden Folgen der kleinen Grippe.&nbsp; Wer vor ihm Angst hat, solle nicht zu den Pressekonferenzen kommen, vor allem nicht das b\u00f6se GLOBO.<\/p>\n<p>Nat\u00fcrlich nutzt Bolsonaro seine <a href=\"https:\/\/g1.globo.com\/politica\/noticia\/2020\/07\/07\/bolsonaro-diz-que-seu-exame-para-covid-19-deu-positivo.ghtml\">milden Symptome als \u00f6ffentlichen Beweis<\/a>, dass ein privilegierter, konservativer Brasilianer, der das umstrittene Hydroxychloroquine Medikament schluckt, keine Angst vor der Erk\u00e4ltung Covid-19 haben muss. Damit bewirbt er ein Medikament, das wissenschaftlich nachgewiesen zu <a href=\"https:\/\/www.amboss.com\/de\/wissen\/Chloroquin_und_Hydroxychloroquin\">Herzproblemen<\/a> f\u00fchren kann und deshalb nicht zur Pr\u00e4vention geeignet ist.<\/p>\n\n\n\n<div class=\"wp-block-image\"><figure class=\"aligncenter size-large\"><img data-recalc-dims=\"1\" loading=\"lazy\" decoding=\"async\" width=\"496\" height=\"402\" data-attachment-id=\"6825\" data-permalink=\"http:\/\/www.sofagoesabroad.de\/en\/bolsonaros-gefaehrliches-spiel-mit-den-medien\/alina3\/\" data-orig-file=\"https:\/\/i0.wp.com\/www.sofagoesabroad.de\/wp-content\/uploads\/2020\/07\/alina3.png?fit=496%2C402\" data-orig-size=\"496,402\" data-comments-opened=\"1\" data-image-meta=\"{&quot;aperture&quot;:&quot;0&quot;,&quot;credit&quot;:&quot;&quot;,&quot;camera&quot;:&quot;&quot;,&quot;caption&quot;:&quot;&quot;,&quot;created_timestamp&quot;:&quot;0&quot;,&quot;copyright&quot;:&quot;&quot;,&quot;focal_length&quot;:&quot;0&quot;,&quot;iso&quot;:&quot;0&quot;,&quot;shutter_speed&quot;:&quot;0&quot;,&quot;title&quot;:&quot;&quot;,&quot;orientation&quot;:&quot;0&quot;}\" data-image-title=\"Bolsonaro Corona\" data-image-description=\"\" data-image-caption=\"\" data-large-file=\"https:\/\/i0.wp.com\/www.sofagoesabroad.de\/wp-content\/uploads\/2020\/07\/alina3.png?fit=496%2C402\" src=\"https:\/\/i0.wp.com\/www.sofagoesabroad.de\/wp-content\/uploads\/2020\/07\/alina3.png?resize=496%2C402\" alt=\"\" class=\"wp-image-6825\" srcset=\"https:\/\/i0.wp.com\/www.sofagoesabroad.de\/wp-content\/uploads\/2020\/07\/alina3.png?w=496 496w, https:\/\/i0.wp.com\/www.sofagoesabroad.de\/wp-content\/uploads\/2020\/07\/alina3.png?resize=300%2C243 300w\" sizes=\"auto, (max-width: 496px) 100vw, 496px\" \/><figcaption><a href=\"https:\/\/www.instagram.com\/p\/CCWgzvvDLtj\/\">Der Pr\u00e4sident stellt sich als Hydroxychloroquin Vorbild in den Sozialen Medien dar.&nbsp;<\/a><\/figcaption><\/figure><\/div>\n\n\n\n<h2>Fazit<\/h2>\n<p>Die mediale Beziehung die Bolsonaro w\u00e4hrend seiner Pr\u00e4sidentschaft, aber vor allem in der Pandemie, zur Manipulation der Informationsquellen nutzt, haben einen gef\u00e4hrlichen Macht auf die beeinflussbare und ungebildete Bev\u00f6lkerung. Handlungen, wie die Nationalflagge als politisches Werkzeug zweckzuentfremden und die traditionellen Medien als Feindbild darzustellen, sind kein Teil einer gesunden Demokratie und schaden der Medienlandschaft. Aus pers\u00f6nlicher Erfahrung kann ich sagen, dass der Versuch, Bolsonaro Anh\u00e4nger und Covid-19 Bestreiter mit Fakten zu \u00fcberzeugen, an Argumenten wie \u201edas b\u00f6se GLOBO\u201c und \u201enutze doch alternative, wahrheitsgem\u00e4\u00dfe Quellen\u201c scheitert. Diese politische Manipulation mag zwar im Wahlkampf keine Leben aufs Spiel setzen, jedoch tut es dies offensichtlich in der Pandemie. Nicht nur Covid-19 Folgen, sondern die Nebenwirkungen des beworbenen Medikaments, treffen die Bev\u00f6lkerung. Hierbei spreche ich leider ebenso aus pers\u00f6nlicher Erfahrung, da die Gro\u00dfmutter einer Freundin in diesem Moment mit einem Herzinfarkt ins Krankenhaus f\u00e4hrt. <span lang=\"PT-BR\">Sie hatte Hydroxychloroquin genommen. <\/span><\/p>\n","protected":false},"excerpt":{"rendered":"","protected":false},"author":26,"featured_media":6825,"comment_status":"open","ping_status":"open","sticky":false,"template":"","format":"standard","meta":{"jetpack_post_was_ever_published":false,"_jetpack_newsletter_access":"","_jetpack_dont_email_post_to_subs":false,"_jetpack_newsletter_tier_id":0,"_jetpack_memberships_contains_paywalled_content":false,"_jetpack_memberships_contains_paid_content":false,"footnotes":"","jetpack_publicize_message":"","jetpack_publicize_feature_enabled":true,"jetpack_social_post_already_shared":true,"jetpack_social_options":{"image_generator_settings":{"template":"highway","default_image_id":0,"font":"","enabled":false},"version":2}},"categories":[6],"tags":[251,287,252,250],"class_list":["post-6822","post","type-post","status-publish","format-standard","has-post-thumbnail","hentry","category-gastbeitrage","tag-corona-2","tag-bolsonaro","tag-brasilien","tag-corona"],"translation":{"provider":"WPGlobus","version":"3.0.2","language":"en","enabled_languages":["de","en"],"languages":{"de":{"title":true,"content":true,"excerpt":false},"en":{"title":false,"content":false,"excerpt":false}}},"jetpack_publicize_connections":[],"jetpack_featured_media_url":"https:\/\/i0.wp.com\/www.sofagoesabroad.de\/wp-content\/uploads\/2020\/07\/alina3.png?fit=496%2C402","jetpack_sharing_enabled":true,"jetpack_shortlink":"https:\/\/wp.me\/p81wMH-1M2","jetpack_likes_enabled":true,"_links":{"self":[{"href":"http:\/\/www.sofagoesabroad.de\/en\/wp-json\/wp\/v2\/posts\/6822","targetHints":{"allow":["GET"]}}],"collection":[{"href":"http:\/\/www.sofagoesabroad.de\/en\/wp-json\/wp\/v2\/posts"}],"about":[{"href":"http:\/\/www.sofagoesabroad.de\/en\/wp-json\/wp\/v2\/types\/post"}],"author":[{"embeddable":true,"href":"http:\/\/www.sofagoesabroad.de\/en\/wp-json\/wp\/v2\/users\/26"}],"replies":[{"embeddable":true,"href":"http:\/\/www.sofagoesabroad.de\/en\/wp-json\/wp\/v2\/comments?post=6822"}],"version-history":[{"count":2,"href":"http:\/\/www.sofagoesabroad.de\/en\/wp-json\/wp\/v2\/posts\/6822\/revisions"}],"predecessor-version":[{"id":6864,"href":"http:\/\/www.sofagoesabroad.de\/en\/wp-json\/wp\/v2\/posts\/6822\/revisions\/6864"}],"wp:featuredmedia":[{"embeddable":true,"href":"http:\/\/www.sofagoesabroad.de\/en\/wp-json\/wp\/v2\/media\/6825"}],"wp:attachment":[{"href":"http:\/\/www.sofagoesabroad.de\/en\/wp-json\/wp\/v2\/media?parent=6822"}],"wp:term":[{"taxonomy":"category","embeddable":true,"href":"http:\/\/www.sofagoesabroad.de\/en\/wp-json\/wp\/v2\/categories?post=6822"},{"taxonomy":"post_tag","embeddable":true,"href":"http:\/\/www.sofagoesabroad.de\/en\/wp-json\/wp\/v2\/tags?post=6822"}],"curies":[{"name":"wp","href":"https:\/\/api.w.org\/{rel}","templated":true}]}}