{"id":6815,"date":"2020-07-23T11:13:00","date_gmt":"2020-07-23T11:13:00","guid":{"rendered":"http:\/\/www.sofagoesabroad.de\/?p=6815"},"modified":"2020-08-04T10:25:47","modified_gmt":"2020-08-04T10:25:47","slug":"jordanien-gesundheit-vs-freiheit","status":"publish","type":"post","link":"http:\/\/www.sofagoesabroad.de\/en\/jordanien-gesundheit-vs-freiheit\/","title":{"rendered":"Jordanien: Gesundheit vs. Freiheit?"},"content":{"rendered":"\n<p>Es ist der 20. M\u00e4rz 2020, ich befinde mich in meinem Zimmer bei meiner jordanischen Gastfamilie. Dann klopft es pl\u00f6tzlich an der T\u00fcr und meine Gastschwester fragt: \u201eBrauchst du noch etwas? Ab morgen werden alle L\u00e4den und Superm\u00e4rkte geschlossen.\u201c Wir fahren also einkaufen, ich sehe bewaffnete Milit\u00e4rfahrzeuge durch die Stra\u00dfen fahren und zuhause frieren wir erst einmal einen gro\u00dfen Vorrat an Brot ein.&nbsp;<\/p>\n<p>Das war der Moment w\u00e4hrend meines Auslandssemesters in Jordanien, an dem ich pers\u00f6nlich in der Pandemie angekommen bin.<\/p>\n\n\n\n<figure class=\"wp-block-image size-large\"><img data-recalc-dims=\"1\" loading=\"lazy\" decoding=\"async\" width=\"714\" height=\"337\" data-attachment-id=\"6817\" data-permalink=\"http:\/\/www.sofagoesabroad.de\/en\/jordanien-gesundheit-vs-freiheit\/1-2-2\/\" data-orig-file=\"https:\/\/i0.wp.com\/www.sofagoesabroad.de\/wp-content\/uploads\/2020\/07\/1-2.jpg?fit=714%2C337\" data-orig-size=\"714,337\" data-comments-opened=\"1\" data-image-meta=\"{&quot;aperture&quot;:&quot;0&quot;,&quot;credit&quot;:&quot;&quot;,&quot;camera&quot;:&quot;&quot;,&quot;caption&quot;:&quot;&quot;,&quot;created_timestamp&quot;:&quot;1594818997&quot;,&quot;copyright&quot;:&quot;&quot;,&quot;focal_length&quot;:&quot;0&quot;,&quot;iso&quot;:&quot;0&quot;,&quot;shutter_speed&quot;:&quot;0&quot;,&quot;title&quot;:&quot;&quot;,&quot;orientation&quot;:&quot;1&quot;}\" data-image-title=\"1-2\" data-image-description=\"\" data-image-caption=\"\" data-large-file=\"https:\/\/i0.wp.com\/www.sofagoesabroad.de\/wp-content\/uploads\/2020\/07\/1-2.jpg?fit=714%2C337\" src=\"https:\/\/i0.wp.com\/www.sofagoesabroad.de\/wp-content\/uploads\/2020\/07\/1-2.jpg?resize=714%2C337\" alt=\"\" class=\"wp-image-6817\" srcset=\"https:\/\/i0.wp.com\/www.sofagoesabroad.de\/wp-content\/uploads\/2020\/07\/1-2.jpg?w=714 714w, https:\/\/i0.wp.com\/www.sofagoesabroad.de\/wp-content\/uploads\/2020\/07\/1-2.jpg?resize=300%2C142 300w\" sizes=\"auto, (max-width: 714px) 100vw, 714px\" \/><figcaption>Abbildung 1: Steckbrief Jordanien; Quelle: eigene Tabelle, basierend auf <a href=\"https:\/\/www.auswaertiges-amt.de\/de\/aussenpolitik\/laender\/jordanien-node\/steckbrief\/218006?openAccordionId=item-204334-0-panel\">Ausw\u00e4rtiges Amt (2020),<\/a> <a href=\"https:\/\/amman.diplo.de\/jo-de\/themen\/willkommen\/jor-auf-einen-blick\/1682524\">Deutsche Botschaft Amman (2020),<\/a> <a href=\"https:\/\/www.lexas.de\/naher_osten\/jordanien\/index.aspx\">Lexas (2020)<\/a><\/figcaption><\/figure>\n\n\n\n<h3><strong>Die striktesten Ma\u00dfnahmen weltweit?<\/strong><\/h3>\n<p>Einige Medienberichte bezeichneten das Vorgehen der jordanischen Regierung als <a href=\"https:\/\/edition.cnn.com\/videos\/tv\/2020\/06\/02\/jordan-reopens.cnn\">eines der striktesten weltweit<\/a>. Im Vergleich zu den Ma\u00dfnahmen in Deutschland kamen auch mir die Corona-Ma\u00dfnahmen sehr streng vor. Am <a href=\"https:\/\/english.alarabiya.net\/en\/News\/middle-east\/2020\/03\/02\/Jordan-confirms-first-coronavirus-case-Jordan-News-Agency\">02.03.2020<\/a> gab es den ersten offiziellen Covid-19 Fall in Jordanien. Bereits am <a href=\"https:\/\/en.royanews.tv\/news\/20223\/2020-03-14\">15.03.2020<\/a> wurden alle Universit\u00e4ten und Schulen geschlossen. Am <a href=\"https:\/\/en.royanews.tv\/news\/20223\/2020-03-14\">17.03.2020<\/a> folgte die Schlie\u00dfung der Flugh\u00e4fen auf unbestimmte Zeit. Beginnend vom 20.03.2020 gab es f\u00fcr einige Tage <a href=\"https:\/\/www.kfw-entwicklungsbank.de\/International-financing\/KfW-Development-Bank\/About-us\/The-Corona-situation-in-our-external-offices\/Jordan\/\">einen kompletten Lockdown<\/a>. Das hei\u00dft, dass sogar alle Superm\u00e4rkte und B\u00e4ckereien geschlossen wurden und bei dem Verlassen der eigenen Wohnung eine Gef\u00e4ngnisstrafe von bis zu einem Jahr drohte. Auch nach einer zeitlichen Lockerung der Ausgangssperre blieben die hohen Strafen bestehen. Als Folge wurden <a href=\"https:\/\/en.royanews.tv\/news\/20807\/2020-04-23\">beispielsweise allein am 23.04.2020<\/a> aufgrund von Verst\u00f6\u00dfen gegen die bestehende Ausgangssperre 653 Personen festgenommen und 231 Fahrzeuge konfisziert.<\/p>\n<p>Vergleicht man die Corona-Ma\u00dfnahmen in Jordanien mit denen anderer L\u00e4nder ist durchaus nachvollziehbar, dass diese zu den striktesten Auflagen weltweit gez\u00e4hlt werden. Die individuelle Freiheit wurde massiv eingeschr\u00e4nkt \u2013 so durfte man anfangs nicht einmal f\u00fcr einen Spaziergang die <a href=\"https:\/\/www.businessinsider.de\/politik\/welt\/eingesperrt-in-jordanien-so-lebt-es-sich-unter-der-haertesten-ausgangssperre-der-welt\/\">eigenen vier W\u00e4nde verlassen oder den M\u00fcll au\u00dferhalb des Hauses entsorgen<\/a>. Neben der immensen Einschr\u00e4nkung der Bewegungsfreiheit wurde ebenso eine \u00f6ffentliche Debatte zu den implementierten Ma\u00dfnahmen klein gehalten. Beispielsweise wurden <a href=\"https:\/\/en.royanews.tv\/news\/20683\/2020-04-12\">am 09.04.2020<\/a> der Generaldirektor und der Nachrichtenchef des jordanischen Fernseh- und Nachrichtensenders Roya TV festgenommen, nachdem sie sich medial kritisch gegen\u00fcber den Regierungsentscheidungen bez\u00fcglich der Covid-19 Situation ge\u00e4u\u00dfert hatten. Es zeigt sich somit, dass nicht nur die Bewegungsfreiheit, sondern in \u00e4hnlichem Umfang das Recht auf Meinungs\u00e4u\u00dferung im Rahmen der Covid-19 Ma\u00dfnahmen massiv eingeschr\u00e4nkt bzw. unterbunden wurde.<\/p>\n<h3><strong>Strikte Ma\u00dfnahmen aus gutem Grund?<\/strong><\/h3>\n<p>Dennoch scheinen die Ma\u00dfnahmen aus verschiedenen Gr\u00fcnden nachvollziehbar. Zum einen ist Jordanien durch eine hohe Zentralisierung charakterisiert. So lebt mit circa 4 Millionen Einwohnern knapp die H\u00e4lfte der jordanischen Bev\u00f6lkerung in der Hauptstadt Amman. Eine rasante Ausbreitung von Covid-19 Infektionen w\u00e4re somit sehr schwer zu kontrollieren. Verst\u00e4rkt wird das durch die Tatsache, dass gro\u00dfe Zusammenk\u00fcnfte und Treffen in der jordanischen Kultur an der Tagesordnung stehen. Insbesondere durch den Fastenmonat Ramadan im April und Mai, in dem sich t\u00e4glich gro\u00dfe Gruppen zum gemeinsamen Fastenbrechen treffen, w\u00e4re ohne Ausgangsbeschr\u00e4nkungen ein un\u00fcberblickbarer Multiplikator f\u00fcr Covid-19 Infektionen kreiert worden. Dieser Effekt hatte sich bereits im M\u00e4rz kurz vor dem Lockdown gezeigt. Bei einer \u2013 nun allseits bekannten \u2013 <a href=\"https:\/\/en.royanews.tv\/news\/21088\/Study--Irbid-wedding-resulted-in-a-deadly-COVID-19-outbreak\">Hochzeit in Irbid<\/a> Anfang M\u00e4rz 2020 wurden 85 Personen mit Covid-19 infiziert. Zuvor hatte es in Jordanien nur einen einzigen Covid-19 Fall gegeben. Nach aktuellem Stand gilt diese Hochzeit damit als Ausl\u00f6ser f\u00fcr die Covid-19 Pandemie in Jordanien.<\/p>\n<p>Zwar waren die Ma\u00dfnahmen insbesondere anf\u00e4nglich sehr streng. In Anlehnung an die Entwicklung der Infektionszahlen wurden diese allerdings immer weiter gelockert. Als Orientierung wurde ein <a href=\"https:\/\/corona.moh.gov.jo\/en\/Together-to-Reopen\">f\u00fcnf Phasenplan<\/a> durch das jordanische Gesundheitsministerium entwickelt. Nach jetzigem Stand (12.07.2020) befindet sich Jordanien bereits in der Phase <em>moderate risk level<\/em> und damit bereits in der Vorstufe zur letzten Phase, die als <em>low risk \u2013 new normal<\/em> bezeichnet wird. Von einem <em>moderate risk level<\/em> ist laut dem jordanischen Gesundheitsministerium die Rede, wenn es innerhalb der letzten sieben Tage landesweit t\u00e4glich nicht mehr als zehn Neuinfektionen gibt. Dementsprechend sind die Ma\u00dfnahmen gelockert und bis auf das Tragen von Masken in den Superm\u00e4rkten und der Tatsache, dass der regul\u00e4re internationale Flugverkehr nach wie vor ausgesetzt ist, ist bei der jordanischen Bev\u00f6lkerung weitestgehend Normalit\u00e4t eingekehrt. Dennoch gilt weiterhin eine Ausgangssperre \u2013 jedoch lediglich von 24:00 Uhr bis 6:00 Uhr. Auch die Mobilit\u00e4t innerhalb des Landes ist wieder vollkommen hergestellt, die Au\u00dfengrenzen und Flugh\u00e4fen sind allerdings nach wie vor geschlossen. Ausgenommen von den Lockerungen sind des Weiteren unter anderem Kinderg\u00e4rten, Schulen, Kinos und die Veranstaltung von Hochzeiten. Die Entwicklungen der Covid-19 Ma\u00dfnahmen spiegeln sich auch im Stra\u00dfenbild wider, wie man auf den folgenden Fotos erkennen kann.<\/p>\n\n\n\n<figure class=\"wp-block-image size-large\"><img data-recalc-dims=\"1\" loading=\"lazy\" decoding=\"async\" width=\"790\" height=\"333\" data-attachment-id=\"6828\" data-permalink=\"http:\/\/www.sofagoesabroad.de\/en\/jordanien-gesundheit-vs-freiheit\/viktoria-achhammer-1\/\" data-orig-file=\"https:\/\/i0.wp.com\/www.sofagoesabroad.de\/wp-content\/uploads\/2020\/07\/viktoria-achhammer-1.png?fit=920%2C388\" data-orig-size=\"920,388\" data-comments-opened=\"1\" data-image-meta=\"{&quot;aperture&quot;:&quot;0&quot;,&quot;credit&quot;:&quot;&quot;,&quot;camera&quot;:&quot;&quot;,&quot;caption&quot;:&quot;&quot;,&quot;created_timestamp&quot;:&quot;0&quot;,&quot;copyright&quot;:&quot;&quot;,&quot;focal_length&quot;:&quot;0&quot;,&quot;iso&quot;:&quot;0&quot;,&quot;shutter_speed&quot;:&quot;0&quot;,&quot;title&quot;:&quot;&quot;,&quot;orientation&quot;:&quot;0&quot;}\" data-image-title=\"Jordanien Stra\u00dfenaufnahmen Corona\" data-image-description=\"\" data-image-caption=\"\" data-large-file=\"https:\/\/i0.wp.com\/www.sofagoesabroad.de\/wp-content\/uploads\/2020\/07\/viktoria-achhammer-1.png?fit=790%2C333\" src=\"https:\/\/i0.wp.com\/www.sofagoesabroad.de\/wp-content\/uploads\/2020\/07\/viktoria-achhammer-1.png?resize=790%2C333\" alt=\"\" class=\"wp-image-6828\" srcset=\"https:\/\/i0.wp.com\/www.sofagoesabroad.de\/wp-content\/uploads\/2020\/07\/viktoria-achhammer-1.png?w=920 920w, https:\/\/i0.wp.com\/www.sofagoesabroad.de\/wp-content\/uploads\/2020\/07\/viktoria-achhammer-1.png?resize=300%2C127 300w, https:\/\/i0.wp.com\/www.sofagoesabroad.de\/wp-content\/uploads\/2020\/07\/viktoria-achhammer-1.png?resize=768%2C324 768w\" sizes=\"auto, (max-width: 790px) 100vw, 790px\" \/><figcaption><em>Abbildung 2: Stra\u00dfenbild vom 20.02.2020, 30.03.2020 und 11.06.2020; Quelle: eigene Aufnahmen<\/em><\/figcaption><\/figure>\n\n\n\n<h3><strong>Wirksamkeit hinsichtlich der Pandemie-Entwicklung?<\/strong><\/h3>\n<p>In Anbetracht der vergleichsweisen strikten Ma\u00dfnahmen stellt sich jedoch eine zentrale Frage: Waren all die Entbehrungen und Einschr\u00e4nkungen der individuellen Freiheiten zumindest gesundheitlich lohnenswert? Betrachtet man die Zahlen, kann diese Frage mit einem klaren \u201eJa\u201c beantwortet werden. Insgesamt gibt es insgesamt lediglich <a href=\"https:\/\/corona.moh.gov.jo\/en\">1.176<\/a> registrierte Covid-19 F\u00e4lle (Stand: 11.07.2020).<\/p>\n\n\n\n<figure class=\"wp-block-image size-large\"><img data-recalc-dims=\"1\" loading=\"lazy\" decoding=\"async\" width=\"790\" height=\"296\" data-attachment-id=\"6829\" data-permalink=\"http:\/\/www.sofagoesabroad.de\/en\/jordanien-gesundheit-vs-freiheit\/viktoria-achhammer-2\/\" data-orig-file=\"https:\/\/i0.wp.com\/www.sofagoesabroad.de\/wp-content\/uploads\/2020\/07\/viktoria-achhammer-2.png?fit=934%2C350\" data-orig-size=\"934,350\" data-comments-opened=\"1\" data-image-meta=\"{&quot;aperture&quot;:&quot;0&quot;,&quot;credit&quot;:&quot;&quot;,&quot;camera&quot;:&quot;&quot;,&quot;caption&quot;:&quot;&quot;,&quot;created_timestamp&quot;:&quot;0&quot;,&quot;copyright&quot;:&quot;&quot;,&quot;focal_length&quot;:&quot;0&quot;,&quot;iso&quot;:&quot;0&quot;,&quot;shutter_speed&quot;:&quot;0&quot;,&quot;title&quot;:&quot;&quot;,&quot;orientation&quot;:&quot;0&quot;}\" data-image-title=\"viktoria-achhammer-2\" data-image-description=\"\" data-image-caption=\"\" data-large-file=\"https:\/\/i0.wp.com\/www.sofagoesabroad.de\/wp-content\/uploads\/2020\/07\/viktoria-achhammer-2.png?fit=790%2C296\" src=\"https:\/\/i0.wp.com\/www.sofagoesabroad.de\/wp-content\/uploads\/2020\/07\/viktoria-achhammer-2.png?resize=790%2C296\" alt=\"\" class=\"wp-image-6829\" srcset=\"https:\/\/i0.wp.com\/www.sofagoesabroad.de\/wp-content\/uploads\/2020\/07\/viktoria-achhammer-2.png?w=934 934w, https:\/\/i0.wp.com\/www.sofagoesabroad.de\/wp-content\/uploads\/2020\/07\/viktoria-achhammer-2.png?resize=300%2C112 300w, https:\/\/i0.wp.com\/www.sofagoesabroad.de\/wp-content\/uploads\/2020\/07\/viktoria-achhammer-2.png?resize=768%2C288 768w\" sizes=\"auto, (max-width: 790px) 100vw, 790px\" \/><figcaption>Abbildung 3: Entwicklung der Covid-19 Infektionen in Jordanien; Quelle:&nbsp;&nbsp;<a href=\"https:\/\/corona.moh.gov.jo\/en\">Jordan Ministry of Health (2020a)<\/a><\/figcaption><\/figure>\n\n\n\n<p>Vergleicht man diese Zahlen mit Bayern, das in etwa die gleiche Einwohnerzahl und Fl\u00e4che wie Jordanien aufweist, hat Bayern mit <a href=\"https:\/\/www.lgl.bayern.de\/gesundheit\/infektionsschutz\/infektionskrankheiten_a_z\/coronavirus\/karte_coronavirus\/\">49.175<\/a> Covid-19 F\u00e4llen (Stand: 11.07.2020) fast zweiundvierzigmal so hohe Fallzahlen wie Jordanien. Stellt man die Todeszahlen gegen\u00fcber, wird der Unterschied noch deutlicher. Mit <a href=\"https:\/\/www.lgl.bayern.de\/gesundheit\/infektionsschutz\/infektionskrankheiten_a_z\/coronavirus\/karte_coronavirus\/\">2.609<\/a> Todesf\u00e4llen hat Bayern zweihundertsechzigmal mehr Todesopfer als Jordanien mit 10 Todesf\u00e4llen zu beklagen.<\/p>\n<p>Es kann zwar nicht empirisch \u00fcberpr\u00fcft werden, wie sich die Covid-19 Fallzahlen in Jordanien mit weniger strikten Ma\u00dfnahmen entwickelt h\u00e4tten. Doch ber\u00fccksichtigt man Faktoren wie den hohen Zentralisierungsgrad und die kulturelle Verankerung gr\u00f6\u00dferer \u201esocial gatherings\u201c scheint es wahrscheinlich, dass die Fallzahlen ohne das strikte Vorgehen der jordanischen Regierung wohl h\u00f6her w\u00e4ren.<\/p>\n<h3><strong>Und jetzt?<\/strong><\/h3>\n<p>Versucht man ein Fazit zu ziehen, ob Freiheiten massiv eingeschr\u00e4nkt wurden, um die Gesundheit der jordanischen Bev\u00f6lkerung zu sch\u00fctzen, l\u00e4sst sich diese Frage bejahen. Es ist allerdings zu bedenken, dass sich die Covid-19 Fallzahlen ohne diese Einschr\u00e4nkungen wohl anders entwickelt h\u00e4tten.\u00a0 Zudem konnte die jordanische Bev\u00f6lkerung durch das schnelle und strikte Reagieren der Regierung verh\u00e4ltnism\u00e4\u00dfig schnell wieder zu einem mehr oder weniger normalen Leben zur\u00fcckkehren. In L\u00e4ndern mit weniger strengen Auflagen und langsamerer Reaktionszeit hingegen wurden zwar die pers\u00f6nlichen Freiheiten nicht im gleichen Ausma\u00df eingeschr\u00e4nkt, auf lange Sicht jedoch werden die Menschen dort l\u00e4nger einen Teil ihrer Freiheit entbehren m\u00fcssen, als dies in Jordanien der Fall ist.<\/p>\n<p>Dennoch wird die jordanische Regierung im Zuge der Corona-Pandemie noch weitere Dilemmata abw\u00e4gen m\u00fcssen. Zur Wahrung der stabilen Covid-19 Situation in Jordanien h\u00e4lt die Regierung nach wie vor daran fest, das Land mittels Grenzschlie\u00dfungen nach au\u00dfen fast vollst\u00e4ndig abzuriegeln. Zwar hatte das f\u00fcr mich den Vorteil, dass ich p\u00fcnktlich zu Semesterende im Juni das Land, das ich drei Monate lang fast ausschlie\u00dflich durch mein Zimmerfenster betrachten durfte, entdecken konnte und dabei eine der wenigen Tourist*innen war. Durch den Kurs der Abschottung zeichnet sich bereits jetzt eine weitere Grundsatzdebatte ab: Gesundheit vs. Wirtschaft. \u00a0Dies wird deutlich, wenn man beispielsweise bedenkt, dass allein der Tourismus, der einen zentralen Wirtschaftssektor Jordaniens darstellt, im Jahr 2020 im Vergleich zum Vorjahr bereits innerhalb der ersten vier Monate knapp <a href=\"https:\/\/en.royanews.tv\/news\/21305\/2020-06-22\">37 Prozent<\/a> an Umsatz einb\u00fc\u00dfen musste. Verst\u00e4rkt wird dies unter anderem dadurch, dass Jordanien bereits vor Beginn der Covid-19 Pandemie eine Jugendarbeitslosigkeitsquote von <a href=\"https:\/\/data.worldbank.org\/indicator\/SL.UEM.1524.ZS?locations=JO\">35 Prozent<\/a> aufgewiesen hat. Es bleibt also abzuwarten, wie die jordanische Regierung nun gedenkt, dieses Dilemma zu l\u00f6sen.<\/p>\n<p>Autorin: Viktoria Achhammer<\/p>\n<pre class=\"wp-block-preformatted\"><em>*Dieser Beitrag ist im Rahmen des Kurses Krisenmanagement in der globalen Sars-Cov2 \/ Covid19 Krise entstanden.<\/em><\/pre>\n","protected":false},"excerpt":{"rendered":"","protected":false},"author":26,"featured_media":6828,"comment_status":"open","ping_status":"open","sticky":false,"template":"","format":"standard","meta":{"jetpack_post_was_ever_published":false,"_jetpack_newsletter_access":"","_jetpack_dont_email_post_to_subs":false,"_jetpack_newsletter_tier_id":0,"_jetpack_memberships_contains_paywalled_content":false,"_jetpack_memberships_contains_paid_content":false,"footnotes":"","jetpack_publicize_message":"","jetpack_publicize_feature_enabled":true,"jetpack_social_post_already_shared":true,"jetpack_social_options":{"image_generator_settings":{"template":"highway","default_image_id":0,"font":"","enabled":false},"version":2}},"categories":[6],"tags":[251,250,285,286],"class_list":["post-6815","post","type-post","status-publish","format-standard","has-post-thumbnail","hentry","category-gastbeitrage","tag-corona-2","tag-corona","tag-jordanien","tag-massnahmen"],"translation":{"provider":"WPGlobus","version":"3.0.2","language":"en","enabled_languages":["de","en"],"languages":{"de":{"title":true,"content":true,"excerpt":false},"en":{"title":false,"content":false,"excerpt":false}}},"jetpack_publicize_connections":[],"jetpack_featured_media_url":"https:\/\/i0.wp.com\/www.sofagoesabroad.de\/wp-content\/uploads\/2020\/07\/viktoria-achhammer-1.png?fit=920%2C388","jetpack_sharing_enabled":true,"jetpack_shortlink":"https:\/\/wp.me\/p81wMH-1LV","jetpack_likes_enabled":true,"_links":{"self":[{"href":"http:\/\/www.sofagoesabroad.de\/en\/wp-json\/wp\/v2\/posts\/6815","targetHints":{"allow":["GET"]}}],"collection":[{"href":"http:\/\/www.sofagoesabroad.de\/en\/wp-json\/wp\/v2\/posts"}],"about":[{"href":"http:\/\/www.sofagoesabroad.de\/en\/wp-json\/wp\/v2\/types\/post"}],"author":[{"embeddable":true,"href":"http:\/\/www.sofagoesabroad.de\/en\/wp-json\/wp\/v2\/users\/26"}],"replies":[{"embeddable":true,"href":"http:\/\/www.sofagoesabroad.de\/en\/wp-json\/wp\/v2\/comments?post=6815"}],"version-history":[{"count":3,"href":"http:\/\/www.sofagoesabroad.de\/en\/wp-json\/wp\/v2\/posts\/6815\/revisions"}],"predecessor-version":[{"id":6862,"href":"http:\/\/www.sofagoesabroad.de\/en\/wp-json\/wp\/v2\/posts\/6815\/revisions\/6862"}],"wp:featuredmedia":[{"embeddable":true,"href":"http:\/\/www.sofagoesabroad.de\/en\/wp-json\/wp\/v2\/media\/6828"}],"wp:attachment":[{"href":"http:\/\/www.sofagoesabroad.de\/en\/wp-json\/wp\/v2\/media?parent=6815"}],"wp:term":[{"taxonomy":"category","embeddable":true,"href":"http:\/\/www.sofagoesabroad.de\/en\/wp-json\/wp\/v2\/categories?post=6815"},{"taxonomy":"post_tag","embeddable":true,"href":"http:\/\/www.sofagoesabroad.de\/en\/wp-json\/wp\/v2\/tags?post=6815"}],"curies":[{"name":"wp","href":"https:\/\/api.w.org\/{rel}","templated":true}]}}