{"id":6808,"date":"2020-07-17T10:56:00","date_gmt":"2020-07-17T10:56:00","guid":{"rendered":"http:\/\/www.sofagoesabroad.de\/?p=6808"},"modified":"2020-07-15T11:09:48","modified_gmt":"2020-07-15T11:09:48","slug":"italien-und-der-tourismus-segen-und-fluch-zugleich","status":"publish","type":"post","link":"http:\/\/www.sofagoesabroad.de\/en\/italien-und-der-tourismus-segen-und-fluch-zugleich\/","title":{"rendered":"Italien und der Tourismus: Segen und Fluch zugleich"},"content":{"rendered":"\n<p>Ich besuche Venedig, Verona, und den Strand in der N\u00e4he ohne Probleme \u2013 und vor allem ohne Menschenmassen! W\u00e4hrend ich es in vollen Z\u00fcgen genie\u00dfe, leidet an fast jeder Stra\u00dfenecke das Hotel oder das kleine Caf\u00e9 nebenan. Das Virus trifft das Land besonders hart, vor allem, weil Italien das 5. <a href=\"https:\/\/de.statista.com\/statistik\/daten\/studie\/181644\/umfrage\/beliebteste-reiseziele-aller-nationen-nach-besucher\/#:~:text=Frankreich%20als%20Urlaubsland&amp;text=Die%20C%C3%B4te%20d'Azur%20und,%2DFrance%2C%20die%20Metropolregion%20Paris.\">beliebteste<\/a> Reiseziel der Welt ist!<\/p>\n<h3><strong>Wo sind nur die Touristen?<\/strong><\/h3>\n<p>Italien \u00f6ffnete bereits am dritten Juni die Grenzen zu seinen Nachbarl\u00e4ndern und hoffte somit die Tourismusbranche wieder anzukurbeln, doch leider ging dieser Plan nicht auf. Viele Caf\u00e9s und Hotels stehen leer, manche sind sogar <a href=\"https:\/\/www.br.de\/nachrichten\/deutschland-welt\/italien-leer-trotz-grenzoeffnung-touristen-haben-angst,S1txH1U\">ganz geschlossen<\/a>, da es sich nicht lohnt, sie zu \u00f6ffnen. Die sonst \u00fcberf\u00fcllten Pl\u00e4tze, die man von Italien kennt, sind wie leergefegt. Auch bis heute trauen sich die Touristen noch nicht, Italien wieder zu besuchen. Zu sehr haben sich in den K\u00f6pfen die <a href=\"https:\/\/www.br.de\/nachrichten\/deutschland-welt\/italien-leer-trotz-grenzoeffnung-touristen-haben-angst,S1txH1U\">negativen Schlagzeilen<\/a> w\u00e4hrend der Corona-Krise eingebrannt.<\/p>\n<p>F\u00fcr jeden, der in der jetzigen Zeit trotzdem Italien bereist, ist das ein wahrgewordener Traum. In Verona, wo Menschenmassen normalerweise darauf warten, einen Blick auf den Balkon von \u201eRomeo und Julia\u201c zu erhaschen, hatte ich den ber\u00fchmten Schauplatz fast f\u00fcr mich allein. So geht es auch der sonst von Touristen \u00fcberrannten Stadt Venedig (<a href=\"http:\/\/www.sofagoesabroad.de\/gondelfahrt-aber-bitte-mit-abstand\/\">siehe Beitrag<\/a> vom 01.07.2020), welche kaum wiederzuerkennen ist und jetzt erst recht ihre wahre Sch\u00f6nheit zeigt.<\/p>\n\n\n\n<figure class=\"wp-block-image size-large\"><img data-recalc-dims=\"1\" loading=\"lazy\" decoding=\"async\" width=\"488\" height=\"651\" data-attachment-id=\"6810\" data-permalink=\"http:\/\/www.sofagoesabroad.de\/en\/italien-und-der-tourismus-segen-und-fluch-zugleich\/clara2-1\/\" data-orig-file=\"https:\/\/i0.wp.com\/www.sofagoesabroad.de\/wp-content\/uploads\/2020\/07\/clara2-1-rotated.jpg?fit=488%2C651\" data-orig-size=\"488,651\" data-comments-opened=\"1\" data-image-meta=\"{&quot;aperture&quot;:&quot;0&quot;,&quot;credit&quot;:&quot;&quot;,&quot;camera&quot;:&quot;&quot;,&quot;caption&quot;:&quot;&quot;,&quot;created_timestamp&quot;:&quot;0&quot;,&quot;copyright&quot;:&quot;&quot;,&quot;focal_length&quot;:&quot;0&quot;,&quot;iso&quot;:&quot;0&quot;,&quot;shutter_speed&quot;:&quot;0&quot;,&quot;title&quot;:&quot;&quot;,&quot;orientation&quot;:&quot;1&quot;}\" data-image-title=\"clara2-1\" data-image-description=\"\" data-image-caption=\"\" data-large-file=\"https:\/\/i0.wp.com\/www.sofagoesabroad.de\/wp-content\/uploads\/2020\/07\/clara2-1-rotated.jpg?fit=488%2C651\" src=\"https:\/\/i0.wp.com\/www.sofagoesabroad.de\/wp-content\/uploads\/2020\/07\/clara2-1-rotated.jpg?resize=488%2C651\" alt=\"\" class=\"wp-image-6810\" srcset=\"https:\/\/i0.wp.com\/www.sofagoesabroad.de\/wp-content\/uploads\/2020\/07\/clara2-1-rotated.jpg?w=488 488w, https:\/\/i0.wp.com\/www.sofagoesabroad.de\/wp-content\/uploads\/2020\/07\/clara2-1-rotated.jpg?resize=225%2C300 225w\" sizes=\"auto, (max-width: 488px) 100vw, 488px\" \/><figcaption>Quelle: eigene Aufnahme<\/figcaption><\/figure>\n\n\n\n<p>F\u00fcr die Tourismusbranche ist das derzeitige Geschehen jedoch eher ein wahrgewordener Albtraum. Mehr als <a href=\"https:\/\/de.statista.com\/statistik\/daten\/studie\/289171\/umfrage\/beitrag-der-spanischen-tourismusbranche-zum-bip-im-vergleich\/\">13 %<\/a> tr\u00e4gt die Branche zum italienischen Bruttoinlandsprodukt bei und schafft ca. <a href=\"https:\/\/ec.europa.eu\/eurostat\/documents\/7870049\/10293066\/KS-FT-19-007-EN-N.pdf\/f9cdc4cc-882b-5e29-03b1-f2cee82ec59d\">4 Millionen<\/a> Arbeitspl\u00e4tze.<\/p>\n<h3><strong>Was macht die Regierung, um die Branche zu unterst\u00fctzen?<\/strong><\/h3>\n<p>Die Regierung hat am 19. Mai als Reaktion auf die Corona-Krise den \u201eDecreto legge Rilancio\u201c eingef\u00fchrt; ein <a href=\"http:\/\/www.governo.it\/it\/articolo\/turismo-e-culturamiliardi-dal-decreto-rilancio\/14643\">Richtlinienpaket<\/a>, welches die italienische Wirtschaft wiederbeleben soll.\u00a0 Aus diesem Fond sind <a href=\"https:\/\/www.ilfattoquotidiano.it\/2020\/05\/14\/decreto-rilancio-4-miliardi-per-il-turismo-ce-il-credito-vacanze-e-la-promozione-del-brand-italia-cultura-un-fondo-per-librerie-e-musei\/5801816\/\">4 Milliarden<\/a> Euro f\u00fcr den\u00a0 Tourismus vorgesehen und umfasst z.B. Steuergutschriften f\u00fcr Mieten und Restaurierungen f\u00fcr Hotels und Unternehmen. Auch die Ausgaben, die durch die Anpassung der Hygienema\u00dfnahmen entstehen, sollen durch dieses Budget teilweise finanziert werden.<\/p>\n<p>So m\u00fcssen beispielsweise Bars und Restaurants bis Ende Oktober keine Steuern auf die Belegung \u00f6ffentlicher R\u00e4ume und Fl\u00e4chen zahlen. Somit k\u00f6nnen Gastbetriebe ihre Au\u00dfenbereiche vergr\u00f6\u00dfern und eine h\u00f6here Sicherheit der G\u00e4ste kann gew\u00e4hrleistet werden.<\/p>\n<p>Zur Unterst\u00fctzung des Tourismussektors gibt es au\u00dferdem vom 1. Juli bis zum 31. Dezember 2020 f\u00fcr italienische Familien die M\u00f6glichkeit, eine <a href=\"https:\/\/www.beniculturali.it\/mibac\/export\/MiBAC\/sito-MiBAC\/Contenuti\/MibacUnif\/Comunicati\/visualizza_asset.html_1372532933.html\">Erm\u00e4\u00dfigung<\/a> von bis zu 500 \u20ac f\u00fcr ihren Urlaub zu erhalten. Hierf\u00fcr darf das Einkommen der Familie jedoch nicht 40.000 \u20ac\/ Jahr \u00fcberschreiten. Der Zuschuss f\u00e4llt je nach Gr\u00f6\u00dfe der Familie unterschiedlich aus. Das Geld des Bonus geht zu 80 % an die jeweilige Unterkunft und die restlichen 20% werden \u00fcber die Steuererkl\u00e4rung 2021 zur\u00fcckerstattet. Diese Ma\u00dfnahme, die einen Anreiz schaffen soll, beinhaltet doch recht viel B\u00fcrokratie.<\/p>\n<h3><strong>Ist Italien gef\u00e4hrlicher als andere Reiseziele?<\/strong><\/h3>\n<p>Hier kann ich klar sagen, nein. Zwar ist das Land den meisten durch die Anfangszeit der Krise in den K\u00f6pfen geblieben. Jedoch haben mich meine zwei Wochen in dem wundersch\u00f6nen Land etwas anderes gelehrt. Und ich habe eine gute Nachricht: das italienische Flair, das wir alle so lieben, gibt es immer noch! Einen Spritz auf der Piazza trinken, sich mit Freunden treffen, die Stra\u00dfen entlang bummeln \u2013 all das ist wieder Alltag. Zudem werden an \u00f6ffentlichen Orten die Hygienema\u00dfnahmen durchaus ernst genommen. Nicht nur in Z\u00fcgen befindet sich an jeder T\u00fcr Desinfektionsmittel, sondern auch in Caf\u00e9s und in jedem Supermarkt.<\/p>\n<p>Durch die Corona-Krise wird besonders deutlich, wie abh\u00e4ngig das beliebte Reiseziel vom Tourismus ist: ohne ihn w\u00e4re Italiens Wirtschaft um einiges schw\u00e4cher. Wie Italien aus dieser Krise rauskommen wird, ist noch unklar. Fraglich ist, ob diese Zeit das Land zum Nachdenken anregt und die Chance ergreift den Tourismus anders zu gestalten bzw. in eine andere Richtung zu lenken.<\/p>\n<p>Auch mich hat meine Zeit in <em>Bella Italia<\/em> zum Nachdenken angeregt: Wie k\u00f6nnte man Reisen nachhaltiger gestalten, damit auch ohne Virus St\u00e4dte nicht von Menschen \u00fcberflutet werden und sich die eigenen Bewohner immer noch zuhause f\u00fchlen?<\/p>\n<p>\u00a0<\/p>\n<p>Autorin: Clara Lehnert<\/p>\n<pre class=\"wp-block-preformatted\"><em>*Dieser Beitrag ist im Rahmen des Kurses Krisenmanagement in der globalen Sars-Cov2 \/ Covid19 Krise entstanden.<\/em><\/pre>\n","protected":false},"excerpt":{"rendered":"","protected":false},"author":26,"featured_media":6811,"comment_status":"open","ping_status":"open","sticky":false,"template":"","format":"standard","meta":{"jetpack_post_was_ever_published":false,"_jetpack_newsletter_access":"","_jetpack_dont_email_post_to_subs":false,"_jetpack_newsletter_tier_id":0,"_jetpack_memberships_contains_paywalled_content":false,"_jetpack_memberships_contains_paid_content":false,"footnotes":"","jetpack_publicize_message":"","jetpack_publicize_feature_enabled":true,"jetpack_social_post_already_shared":true,"jetpack_social_options":{"image_generator_settings":{"template":"highway","default_image_id":0,"font":"","enabled":false},"version":2}},"categories":[6],"tags":[251,250,220,284],"class_list":["post-6808","post","type-post","status-publish","format-standard","has-post-thumbnail","hentry","category-gastbeitrage","tag-corona-2","tag-corona","tag-italien","tag-wirtschaft"],"translation":{"provider":"WPGlobus","version":"3.0.2","language":"en","enabled_languages":["de","en"],"languages":{"de":{"title":true,"content":true,"excerpt":false},"en":{"title":false,"content":false,"excerpt":false}}},"jetpack_publicize_connections":[],"jetpack_featured_media_url":"https:\/\/i0.wp.com\/www.sofagoesabroad.de\/wp-content\/uploads\/2020\/07\/clara1.jpg?fit=948%2C536","jetpack_sharing_enabled":true,"jetpack_shortlink":"https:\/\/wp.me\/p81wMH-1LO","jetpack_likes_enabled":true,"_links":{"self":[{"href":"http:\/\/www.sofagoesabroad.de\/en\/wp-json\/wp\/v2\/posts\/6808","targetHints":{"allow":["GET"]}}],"collection":[{"href":"http:\/\/www.sofagoesabroad.de\/en\/wp-json\/wp\/v2\/posts"}],"about":[{"href":"http:\/\/www.sofagoesabroad.de\/en\/wp-json\/wp\/v2\/types\/post"}],"author":[{"embeddable":true,"href":"http:\/\/www.sofagoesabroad.de\/en\/wp-json\/wp\/v2\/users\/26"}],"replies":[{"embeddable":true,"href":"http:\/\/www.sofagoesabroad.de\/en\/wp-json\/wp\/v2\/comments?post=6808"}],"version-history":[{"count":2,"href":"http:\/\/www.sofagoesabroad.de\/en\/wp-json\/wp\/v2\/posts\/6808\/revisions"}],"predecessor-version":[{"id":6813,"href":"http:\/\/www.sofagoesabroad.de\/en\/wp-json\/wp\/v2\/posts\/6808\/revisions\/6813"}],"wp:featuredmedia":[{"embeddable":true,"href":"http:\/\/www.sofagoesabroad.de\/en\/wp-json\/wp\/v2\/media\/6811"}],"wp:attachment":[{"href":"http:\/\/www.sofagoesabroad.de\/en\/wp-json\/wp\/v2\/media?parent=6808"}],"wp:term":[{"taxonomy":"category","embeddable":true,"href":"http:\/\/www.sofagoesabroad.de\/en\/wp-json\/wp\/v2\/categories?post=6808"},{"taxonomy":"post_tag","embeddable":true,"href":"http:\/\/www.sofagoesabroad.de\/en\/wp-json\/wp\/v2\/tags?post=6808"}],"curies":[{"name":"wp","href":"https:\/\/api.w.org\/{rel}","templated":true}]}}