{"id":6799,"date":"2020-07-21T09:07:00","date_gmt":"2020-07-21T09:07:00","guid":{"rendered":"http:\/\/www.sofagoesabroad.de\/?p=6799"},"modified":"2020-08-04T13:11:44","modified_gmt":"2020-08-04T13:11:44","slug":"picos-und-pandemia-in-bogota","status":"publish","type":"post","link":"http:\/\/www.sofagoesabroad.de\/en\/picos-und-pandemia-in-bogota\/","title":{"rendered":"Picos und Pandemia in Bogot\u00e1"},"content":{"rendered":"\n<div class=\"wp-block-media-text alignwide is-stacked-on-mobile is-vertically-aligned-top\" style=\"grid-template-columns:15% auto\"><figure class=\"wp-block-media-text__media\"><img data-recalc-dims=\"1\" loading=\"lazy\" decoding=\"async\" width=\"141\" height=\"275\" data-attachment-id=\"6802\" data-permalink=\"http:\/\/www.sofagoesabroad.de\/en\/picos-und-pandemia-in-bogota\/image-2-4\/\" data-orig-file=\"https:\/\/i0.wp.com\/www.sofagoesabroad.de\/wp-content\/uploads\/2020\/07\/image-2.png?fit=141%2C275\" data-orig-size=\"141,275\" data-comments-opened=\"1\" data-image-meta=\"{&quot;aperture&quot;:&quot;0&quot;,&quot;credit&quot;:&quot;&quot;,&quot;camera&quot;:&quot;&quot;,&quot;caption&quot;:&quot;&quot;,&quot;created_timestamp&quot;:&quot;0&quot;,&quot;copyright&quot;:&quot;&quot;,&quot;focal_length&quot;:&quot;0&quot;,&quot;iso&quot;:&quot;0&quot;,&quot;shutter_speed&quot;:&quot;0&quot;,&quot;title&quot;:&quot;&quot;,&quot;orientation&quot;:&quot;0&quot;}\" data-image-title=\"Corona Consequences in Bogota\" data-image-description=\"\" data-image-caption=\"\" data-large-file=\"https:\/\/i0.wp.com\/www.sofagoesabroad.de\/wp-content\/uploads\/2020\/07\/image-2.png?fit=141%2C275\" src=\"https:\/\/i0.wp.com\/www.sofagoesabroad.de\/wp-content\/uploads\/2020\/07\/image-2.png?resize=141%2C275\" alt=\"\" class=\"wp-image-6802\"\/><\/figure><div class=\"wp-block-media-text__content\">\n<p class=\"has-normal-font-size\">Mundschutz, Warteschlange, Abstandhalten, Ausweis, Temperaturmessen, Desinfektionsmittel. Die Liste der Schritte zum Betreten der Superm\u00e4rkte in meiner tempor\u00e4ren Heimat Bogot\u00e1 wird immer l\u00e4nger.Nach einigen Minuten Anstehen auf den in zwei Metern Abstand angebrachten Markierungen am Gehsteig erreiche ich den Supermarkteingang. \u201eSeguridad Privado\u201c verk\u00fcndet die Uniform des Personals am Eingang, dessen Routineaufgaben sich mittlerweile deutlich \u00fcber das au\u00dferpandemische freundliche Kopfnicken erstrecken. Ich zeige meinen Reisepass und deute auf die Nummer rechts oben. Die Frau mir gegen\u00fcber nickt, misst meine K\u00f6rpertemperatur mittels kontaktlosem Infrarotthermometer und fragt, durch den Mundschutz ged\u00e4mpft, \u201eIrgendewelche Symptome?\u201c<\/p>\n\n\n\n<p style=\"font-size:11px\"><em>Abbildung 1: Anstehen zum Supermarkteingang.&nbsp; Gewartet wird auf Bodenmarkierungen in 2m Abstand. Bild: \u00a9 Daniela Rend\u00f3n<\/em><\/p>\n<\/div><\/div>\n\n\n\n<p> Nachdem ich verneine und das Thermometer 35,7 anzeigt, wird mir antibakterielles Gel in die Handfl\u00e4che gespritzt und ich darf eintreten. Jetzt nur nichts vergessen, denn morgen darf ich nicht einkaufen gehen.<\/p>\n\n\n\n<p>W\u00e4hrend sich die Situation in Europa langsam normalisiert, geh\u00f6ren in S\u00fcdamerika Szenen wie diese weiterhin zum Alltag. In Bogot\u00e1 befinden wir uns immer noch im <a href=\"https:\/\/bogota.gov.co\/mi-ciudad\/salud\/coronavirus\/simulacro-vital-en-bogota-preguntas-y-respuestas\">seit 20. M\u00e4rz 2020 bestehenden Aislamiento Preventivo Obligatorio<\/a> (mehr dazu siehe Artikel Pandemie bis auf den letzten Peso) und ein Ende ist eher nicht in Sicht. Auch wenn inzwischen neben notwendigen Besorgungen, Bank- und Arbeitswegen k\u00f6rperliche Bet\u00e4tigung im Freien erlaubt wurde und die meisten Gesch\u00e4fte wieder aufgesperrt haben, ist von Normalit\u00e4t noch keine Rede. Allerdings unterscheidet sich aufgrund der aktuellen Sonderregelung zur Ansteckungsreduktion ein Tag momentan durchaus vom n\u00e4chsten. Doch was hat es mit der Passnummer am Supermarkteingang auf sich und zeigen die Ma\u00dfnahmen Wirkung?<\/p>\n\n\n\n<p><strong><em>Pico y C\u00e9dula<\/em><\/strong><strong>: Ausweisnummern und Besorgungen<\/strong><\/p>\n\n\n\n<p>\u201eBist du gerade oder ungerade?\u201c, ist inzwischen die typische Frage in meinem Haus, wenn ein Mitbewohner Hilfe beim Tragen der Eink\u00e4ufe braucht. Der Grund daf\u00fcr ist <a href=\"https:\/\/bogota.gov.co\/mi-ciudad\/salud\/cuarentena\/asi-sera-el-pico-y-cedula-en-bogota-desde-el-16-de-junio-de-2020\"><em>Pico y C\u00e9dula<\/em><\/a>, die aktuelle Sonderregelung zur Reduktion der Ansteckungszahlen in Bogot\u00e1, welche anl\u00e4sslich der <a href=\"https:\/\/www.eltiempo.com\/bogota\/coronavirus-en-bogota-ya-llegamos-al-50-de-la-capacidad-de-las-uci-que-tan-grave-es-506032\">50%-igen Auslastung der medizinischen Intensivversorgungspl\u00e4tze<\/a> eingef\u00fchrt wurde. Seit drei Wochen d\u00fcrfen nun an geraden Tagen (also 16., 18., 20., 22.,\u2026 Juli) in Gesch\u00e4ften nur noch Menschen bedient werden, deren Ausweisdokument eine ungerade Endziffer aufweist, an ungeraden Tagen k\u00f6nnen dann Menschen mit geraden Endziffern ihre Besorgungen erledigen.<\/p>\n\n\n\n<p>Unannehmlichkeiten beschert die neue Regelung der geraden und ungeraden Einkaufstage vor allem Berufst\u00e4tigen, die an ihren freien Tagen nun auf das richtige Datum hoffen m\u00fcssen, um Besorgungen erledigen zu k\u00f6nnen. Auch das F\u00e4lligkeitsdatum von Bankzahlungen wird jetzt des \u00d6fteren um einen Tag \u00fcberzogen. Gleichzeitig beobachte ich einen gewissen Einfallsreichtum zur Umgehung der Einschr\u00e4nkung in meinem Umfeld: Ausl\u00e4nder mit l\u00e4ngerem Aufenthalt nutzen je nach Tag die <em>C\u00e9dula <\/em>(kolumbischer Personalausweis) oder den Reisepass, wenn sie unterschiedliche Endziffern aufweisen. Ausweise werden zwischen \u00e4hnlich aussehenden Freunden verborgt. Ich frage mich nicht nur einmal, ob die Ma\u00dfnahmen wirklich greifen, denn nach meinen Erfahrungen lassen sich die Menschen hier ungerne von Seiten der Politik in ihrem Privatbereich einschr\u00e4nken.<\/p>\n\n\n\n<p>Zugegebenerma\u00dfen werden die Kontrollvorschriften so gr\u00fcndlich wie eingangs geschildert meiner Erfahrung nach nur im <em>\u00c9xito, <\/em>der <a href=\"https:\/\/www.pulzo.com\/economia\/cuales-supermercados-almacenes-que-venden-colombia-2019-PP739140\">gr\u00f6\u00dften Supermarktkette Kolumbiens<\/a>, durchgef\u00fchrt. In kleineren Superm\u00e4rkten kontrollieren die Kassiere. Die <em>Fruter\u00eda <\/em>ums Eck vertraut auf die Gesetzeskonformit\u00e4t ihrer Kunden und beschr\u00e4nkt sich auf Desinfektion. Ein anderes Extrem begegnet mir beim Betreten eines Kleidungsgesch\u00e4ftes, wo zus\u00e4tzlich zur Kontrolle noch die pers\u00f6nlichen Daten \u2013 inklusive Pass-, Telefonnummer und K\u00f6rpertemperatur \u2013 auf Papierzetteln aufgenommen werden, was datenschutzrechlich doch eher bedenklich scheint.<\/p>\n\n\n\n<p>Zus\u00e4tzliches Unbehagen verursacht mir in meinem momentanten Alltag, dass ich auf jedem Besorgungsgang meinen Reisepass mitnehmen und offen herzeigen muss, da mir mit meiner tempor\u00e4ren Aufenthaltsgenehmigung kein kolumbianischer Personalausweis ausgestellt wird. Einerseits oute ich mich dadurch noch offensichtlicher als durch die blonden Haare als Touristin, was ich auf offener Stra\u00dfe sonst eher zu vermeiden versuche. Dass ich in drei Wochen daraus noch keine negativen Konsequenzen gezogen habe, widerspricht allerdings zumindest den vorurteilsbehafteten Sicherheitsbedenken vieler Europ\u00e4er gegen\u00fcber Kolumbien. Andererseits ziert ebenjenen Reisepass ein Anfang Mai abgelaufener Aufenthaltstitel, den ich (erlaubterweise) <a href=\"https:\/\/www.migracioncolombia.gov.co\/prorroga-de-permanencia\">bis zum Ende der Quarant\u00e4ne nicht verl\u00e4ngern kann.<\/a><\/p>\n\n\n\n<p><strong><em>Pico y Placa<\/em><\/strong><strong>: Nummerntafeln und Sto\u00dfzeiten<\/strong><\/p>\n\n\n\n<p>In europ\u00e4ischen Augen eher kurios, geh\u00f6ren Datumsregelungen f\u00fcr Bogotaner schon l\u00e4nger zum Alltag. Unter dem Namen <a href=\"https:\/\/www.javeriana.edu.co\/biblos\/tesis\/ingenieria\/tesis111.pdf\"><em>Pico y Placa<\/em><\/a> wird die Zirkulation von privaten Kraftfahrzeugen zu Sto\u00dfzeiten schon seit 1998 eingeschr\u00e4nkt, um das Stra\u00dfennetz zu entlasten. So d\u00fcrfen je nach Endziffer der Nummerntafel jeden zweiten Tag andere Fahrzeuge zur Rush Hour morgens und abends auf den Stra\u00dfen unterwegs sein. <a href=\"https:\/\/www.semana.com\/nacion\/articulo\/pico-y-placa-bogota-hoy-cuando-comienza-a-regir-la-medida\/684467\">W\u00e4hrend der Quarant\u00e4ne<\/a> ist die Regelung allerdings ausgesetzt, da vom generellen Bewegungsverbot ohnehin nur spezielle F\u00e4lle ausgenommen sind, die dann auch ihr Auto benutzen d\u00fcrfen.<\/p>\n\n\n\n<p><strong><em>Pico y G\u00e9nero<\/em><\/strong><strong>: Geschlechteridentifikation und Besorgungen<\/strong><\/p>\n\n\n\n<p>Vom Datumssystem auf den Stra\u00dfen leitete die Stadt Bogot\u00e1 allerdings nicht direkt zum System der Ausweisnummern \u00fcber, wie dies beispielsweise in <a href=\"https:\/\/vivirenelpoblado.com\/pico-y-cedula-para-mercar-en-medellin-a-partir-del-2-de-abril\/\">Medell\u00edn<\/a> zu beobachten war. Als Vorg\u00e4nger der aktuellen <em>Pico y C\u00e9dula<\/em>-Regelung galt hier in der Hauptstadt im April das System <a href=\"https:\/\/participacionbogota.gov.co\/pico-y-genero-la-nueva-medida-de-circulacion-en-bogota#:~:text=Pico%20y%20G%C3%A9nero%20es%20la,de%20acuerdo%20a%20su%20identidad\"><em>Pico y G\u00e9nero<\/em><\/a>, wonach Frauen an geraden, M\u00e4nner an ungeraden Tagen f\u00fcr essenzielle Besorgungen das Haus verlassen durften. Kulturell interessant fand ich hier die Zusatzklausel, dass Mitglieder der LGBTQ Community an jenem Tag ihre Besorgungen erledigen sollen, mit dessen Geschlecht sie sich identifizieren.<\/p>\n\n\n\n<p><strong>Picos und Pandemia: Beschr\u00e4nkungen, steuerfreie Tagen und Fallzahlen<\/strong><\/p>\n\n\n\n<p>Bei allen datumsabh\u00e4ngigen Beschr\u00e4nkung stellt sich nat\u00fcrlich vor allem die Frage: Sind die Ma\u00dfnahmen wirkungsvoll? Ein Blick auf die immernoch exponentiell steigende Zahl best\u00e4tigter Covid-19 F\u00e4lle in Bogot\u00e1 (siehe Abbildung 3) wirft kein positives Bild. Auch dass nach der <em>Pico y C\u00e9dula<\/em>-Regelung auf den Stra\u00dfen noch sehr reges Treiben herrscht, und sogar oft deutlich mehr Menschen auf den Stra\u00dfen sind als zu Beginn der Ausgansbeschr\u00e4nkungen spricht nicht f\u00fcr die Effektivit\u00e4t der neuen Datum-Ausweis-Regelung.<\/p>\n\n\n\n<div class=\"wp-block-image\"><figure class=\"aligncenter size-large\"><img data-recalc-dims=\"1\" loading=\"lazy\" decoding=\"async\" width=\"335\" height=\"223\" data-attachment-id=\"6803\" data-permalink=\"http:\/\/www.sofagoesabroad.de\/en\/picos-und-pandemia-in-bogota\/image-3-4\/\" data-orig-file=\"https:\/\/i0.wp.com\/www.sofagoesabroad.de\/wp-content\/uploads\/2020\/07\/image-3.png?fit=335%2C223\" data-orig-size=\"335,223\" data-comments-opened=\"1\" data-image-meta=\"{&quot;aperture&quot;:&quot;0&quot;,&quot;credit&quot;:&quot;&quot;,&quot;camera&quot;:&quot;&quot;,&quot;caption&quot;:&quot;&quot;,&quot;created_timestamp&quot;:&quot;0&quot;,&quot;copyright&quot;:&quot;&quot;,&quot;focal_length&quot;:&quot;0&quot;,&quot;iso&quot;:&quot;0&quot;,&quot;shutter_speed&quot;:&quot;0&quot;,&quot;title&quot;:&quot;&quot;,&quot;orientation&quot;:&quot;0&quot;}\" data-image-title=\"image-3\" data-image-description=\"\" data-image-caption=\"\" data-large-file=\"https:\/\/i0.wp.com\/www.sofagoesabroad.de\/wp-content\/uploads\/2020\/07\/image-3.png?fit=335%2C223\" src=\"https:\/\/i0.wp.com\/www.sofagoesabroad.de\/wp-content\/uploads\/2020\/07\/image-3.png?resize=335%2C223\" alt=\"\" class=\"wp-image-6803\" srcset=\"https:\/\/i0.wp.com\/www.sofagoesabroad.de\/wp-content\/uploads\/2020\/07\/image-3.png?w=335 335w, https:\/\/i0.wp.com\/www.sofagoesabroad.de\/wp-content\/uploads\/2020\/07\/image-3.png?resize=300%2C200 300w\" sizes=\"auto, (max-width: 335px) 100vw, 335px\" \/><figcaption>Abbildung 2: <a href=\"https:\/\/www.eltiempo.com\/bogota\/dia-sin-iva-la-jornada-del-dia-sin-iva-en-colombia-19-de-junio-del-2020-en-imagenes-508734\">Menschenansammlungen in Gesch\u00e4ften am IVA-freien Tag (19. Juni 2020)<\/a><br>&nbsp;<\/figcaption><\/figure><\/div>\n\n\n\n<p>Haarstr\u00e4ubend ist das Ph\u00e4nomen des sogenannten <a href=\"https:\/\/lasillavacia.com\/opinion\/primer-dia-sin-iva-y-las-cifras-pandemia-77431\">IVA-freien Tages<\/a>, dessen Auswirkung nun langsam in den Diagrammen der Fallzahlen sichtbar wird. Anfang des Jahres dekretierte der kolumbianische Pr\u00e4sident Iv\u00e1n Duque drei Tage im Jahr 2020, an denen die Mehrwertsteuer (<em>IVA<\/em>) ausgesetzt werden sollte, um die Wirtschaft anzukurbeln. Trotz heftiger Kritik wurden diese auch in Pandemiezeiten nicht abgesagt und die tempor\u00e4re Reduzierung der Preise lockte am 19. Juni 2020 regelrechte Menschenmassen in die Gesch\u00e4fte \u2013 in Bogot\u00e1 unter der Regelung <em>Pico y C\u00e9dula<\/em> nur f\u00fcr Personen mit geraden Ausweisnummern. Der Pr\u00e4sident bezeichnete die Ma\u00dfnahme als <a href=\"https:\/\/www.eltiempo.com\/politica\/gobierno\/dia-sin-iva-duque-presenta-balance-positivo-del-primer-dia-sin-iva-en-colombia-509104\">Erfolg f\u00fcr die Wirtschaft<\/a>, beschr\u00e4nkte allerdings die n\u00e4chsten zwei IVA-freien Tage auf Onlinek\u00e4ufe.<\/p>\n\n\n\n<figure class=\"wp-block-image size-large\"><img data-recalc-dims=\"1\" loading=\"lazy\" decoding=\"async\" width=\"555\" height=\"387\" data-attachment-id=\"6804\" data-permalink=\"http:\/\/www.sofagoesabroad.de\/en\/picos-und-pandemia-in-bogota\/image-4-4\/\" data-orig-file=\"https:\/\/i0.wp.com\/www.sofagoesabroad.de\/wp-content\/uploads\/2020\/07\/image-4.png?fit=555%2C387\" data-orig-size=\"555,387\" data-comments-opened=\"1\" data-image-meta=\"{&quot;aperture&quot;:&quot;0&quot;,&quot;credit&quot;:&quot;&quot;,&quot;camera&quot;:&quot;&quot;,&quot;caption&quot;:&quot;&quot;,&quot;created_timestamp&quot;:&quot;0&quot;,&quot;copyright&quot;:&quot;&quot;,&quot;focal_length&quot;:&quot;0&quot;,&quot;iso&quot;:&quot;0&quot;,&quot;shutter_speed&quot;:&quot;0&quot;,&quot;title&quot;:&quot;&quot;,&quot;orientation&quot;:&quot;0&quot;}\" data-image-title=\"Cases in Bogota\" data-image-description=\"\" data-image-caption=\"\" data-large-file=\"https:\/\/i0.wp.com\/www.sofagoesabroad.de\/wp-content\/uploads\/2020\/07\/image-4.png?fit=555%2C387\" src=\"https:\/\/i0.wp.com\/www.sofagoesabroad.de\/wp-content\/uploads\/2020\/07\/image-4.png?resize=555%2C387\" alt=\"\" class=\"wp-image-6804\" srcset=\"https:\/\/i0.wp.com\/www.sofagoesabroad.de\/wp-content\/uploads\/2020\/07\/image-4.png?w=555 555w, https:\/\/i0.wp.com\/www.sofagoesabroad.de\/wp-content\/uploads\/2020\/07\/image-4.png?resize=300%2C209 300w\" sizes=\"auto, (max-width: 555px) 100vw, 555px\" \/><figcaption>Abbildung 3: <a href=\"https:\/\/www.eltiempo.com\/bogota\/cuantos-casos-de-coronavirus-hay-en-bogota-477404\">Entwicklung der best\u00e4tigten Covid-19 F\u00e4lle in Bogot\u00e1<\/a><\/figcaption><\/figure>\n\n\n\n<p>Alles in allem zeigen die datumsbezogenen Ausgansregelungen in Bogot\u00e1 keine deutliche Effektivit\u00e4t auf die Entwicklung der Fallzahlen, die weiter exponentiell steigen. Diese Woche sind schon <a href=\"https:\/\/www.eltiempo.com\/bogota\/ocupacion-de-uci-llega-al-80-por-ciento-en-bogota-514284\">80% der Intensivpflegeeinheiten ausgelastet<\/a>, w\u00e4hren die Regierung weiter bem\u00fcht ist, die schwache Wirtschaft anzukurbeln. Es bleibt also nur zu hoffen, dass die Kurve bald abflacht, denn die bisherigen Regelungen werden die kolumbianische Hauptstadt nicht vor der Krise retten.<\/p>\n\n\n\n<p><\/p>\n\n\n\n<p>Autorin: Inge Stipsitz<br>Stand: 06.07.2020<\/p>\n\n\n\n<pre class=\"wp-block-preformatted\"><em>*Dieser Beitrag ist im Rahmen des Kurses Krisenmanagement in der globalen Sars-Cov2 \/ Covid19 Krise entstanden.<\/em><br><br><\/pre>\n","protected":false},"excerpt":{"rendered":"<p>Mundschutz, Warteschlange, Abstandhalten, Ausweis, Temperaturmessen, Desinfektionsmittel. Die Liste der Schritte zum Betreten der Superm\u00e4rkte in meiner tempor\u00e4ren Heimat Bogot\u00e1 wird immer l\u00e4nger.Nach einigen Minuten Anstehen auf den in zwei Metern Abstand angebrachten Markierungen am Gehsteig erreiche ich den Supermarkteingang. \u201eSeguridad Privado\u201c verk\u00fcndet die Uniform des Personals am Eingang, dessen Routineaufgaben sich mittlerweile deutlich \u00fcber das&hellip; <\/p>\n","protected":false},"author":26,"featured_media":6804,"comment_status":"open","ping_status":"open","sticky":false,"template":"","format":"standard","meta":{"jetpack_post_was_ever_published":false,"_jetpack_newsletter_access":"","_jetpack_dont_email_post_to_subs":false,"_jetpack_newsletter_tier_id":0,"_jetpack_memberships_contains_paywalled_content":false,"_jetpack_memberships_contains_paid_content":false,"footnotes":"","jetpack_publicize_message":"","jetpack_publicize_feature_enabled":true,"jetpack_social_post_already_shared":true,"jetpack_social_options":{"image_generator_settings":{"template":"highway","default_image_id":0,"font":"","enabled":false},"version":2}},"categories":[6],"tags":[250,282],"class_list":["post-6799","post","type-post","status-publish","format-standard","has-post-thumbnail","hentry","category-gastbeitrage","tag-corona","tag-kolumbien"],"translation":{"provider":"WPGlobus","version":"3.0.2","language":"en","enabled_languages":["de","en"],"languages":{"de":{"title":true,"content":true,"excerpt":false},"en":{"title":false,"content":false,"excerpt":false}}},"jetpack_publicize_connections":[],"jetpack_featured_media_url":"https:\/\/i0.wp.com\/www.sofagoesabroad.de\/wp-content\/uploads\/2020\/07\/image-4.png?fit=555%2C387","jetpack_sharing_enabled":true,"jetpack_shortlink":"https:\/\/wp.me\/p81wMH-1LF","jetpack_likes_enabled":true,"_links":{"self":[{"href":"http:\/\/www.sofagoesabroad.de\/en\/wp-json\/wp\/v2\/posts\/6799","targetHints":{"allow":["GET"]}}],"collection":[{"href":"http:\/\/www.sofagoesabroad.de\/en\/wp-json\/wp\/v2\/posts"}],"about":[{"href":"http:\/\/www.sofagoesabroad.de\/en\/wp-json\/wp\/v2\/types\/post"}],"author":[{"embeddable":true,"href":"http:\/\/www.sofagoesabroad.de\/en\/wp-json\/wp\/v2\/users\/26"}],"replies":[{"embeddable":true,"href":"http:\/\/www.sofagoesabroad.de\/en\/wp-json\/wp\/v2\/comments?post=6799"}],"version-history":[{"count":2,"href":"http:\/\/www.sofagoesabroad.de\/en\/wp-json\/wp\/v2\/posts\/6799\/revisions"}],"predecessor-version":[{"id":6863,"href":"http:\/\/www.sofagoesabroad.de\/en\/wp-json\/wp\/v2\/posts\/6799\/revisions\/6863"}],"wp:featuredmedia":[{"embeddable":true,"href":"http:\/\/www.sofagoesabroad.de\/en\/wp-json\/wp\/v2\/media\/6804"}],"wp:attachment":[{"href":"http:\/\/www.sofagoesabroad.de\/en\/wp-json\/wp\/v2\/media?parent=6799"}],"wp:term":[{"taxonomy":"category","embeddable":true,"href":"http:\/\/www.sofagoesabroad.de\/en\/wp-json\/wp\/v2\/categories?post=6799"},{"taxonomy":"post_tag","embeddable":true,"href":"http:\/\/www.sofagoesabroad.de\/en\/wp-json\/wp\/v2\/tags?post=6799"}],"curies":[{"name":"wp","href":"https:\/\/api.w.org\/{rel}","templated":true}]}}