{"id":6796,"date":"2020-07-15T09:03:00","date_gmt":"2020-07-15T09:03:00","guid":{"rendered":"http:\/\/www.sofagoesabroad.de\/?p=6796"},"modified":"2020-08-04T10:40:45","modified_gmt":"2020-08-04T10:40:45","slug":"einfluesse-der-corona-krise-auf-die-kinder-in-deutschland","status":"publish","type":"post","link":"http:\/\/www.sofagoesabroad.de\/en\/einfluesse-der-corona-krise-auf-die-kinder-in-deutschland\/","title":{"rendered":"Einfl\u00fcsse der Corona-Krise auf die Kinder in Deutschland"},"content":{"rendered":"\n<p>Als im M\u00e4rz das \u00f6ffentliche Leben in Deutschland heruntergefahren wurde und neben Bars und Restaurants auch Schulen, Kitas, B\u00fcros, Spielpl\u00e4tze und Baum\u00e4rkte schlie\u00dfen mussten, gab es viele Diskussionspunkte bei den allabendlichen Talkshows und Politsendungen. Wie kann die Ausbreitung des Virus effektiv gestoppt werden? Wird das die Wirtschaft ruinieren? Sind innereurop\u00e4ische Grenzschlie\u00dfungen wirklich der richtige Schritt? Und, nur leider zu oft am Rande der Diskussion: Wie wird diese Quarant\u00e4ne f\u00fcr Familien aushaltbar sein? Vor allem f\u00fcr die, die in beengten und eventuell sogar unsicheren Verh\u00e4ltnissen wohnen mit dem Risiko, dass h\u00e4usliche Gewalt ein Teil ihres Lockdowns werden kann.<\/p>\n\n\n\n<p>Seit diesen Diskussionen im M\u00e4rz hat sich die Ausgangslage st\u00e4ndig ver\u00e4ndert und die meisten Beschr\u00e4nkungen konnten nach und nach wieder gelockert werden. Doch welche Einfl\u00fcsse hatte (und hat) diese Zeit auf Familien und speziell die Kinder?<\/p>\n\n\n\n<p><strong>Wie ansteckend und gef\u00e4hrdet sind Kinder?<\/strong><\/p>\n\n\n\n<p>Die Frage, wie infekti\u00f6s Kinder sind und wie gef\u00e4hrlich das Virus ihnen werden kann, ist immer noch nicht hinreichend gekl\u00e4rt. Eine <a href=\"https:\/\/www.tagesschau.de\/inland\/corona-kinder-studie-101.html\">baden-w\u00fcrttembergische Studie<\/a> untersuchte das Infektionsgeschehen innerhalb von Familien und schloss aus den Ergebnissen, dass Kinder keine Treiber der Corona-Infektionen sind. Sie stecken sich selbst deutlich seltener an als Erwachsene; wie infekti\u00f6s sie aber tats\u00e4chlich sind, wurde nicht untersucht. In einer bekannten und viel diskutierten <a href=\"https:\/\/www.tagesschau.de\/inland\/corona-kinder-studie-103.html\">Studie des Virologen Christian Drosten<\/a> stellte dieser im Kinderrachen ebenso viele Viren fest, wie bei Erwachsenen \u2013 was aber keinen Beweis f\u00fcr eine gleich hohe Ansteckungsgefahr darstellt. Dass Kinder ebenfalls sehr schwer an Corona erkranken k\u00f6nnen, zeigten <a href=\"https:\/\/www.nytimes.com\/2020\/05\/12\/well\/family\/coronavirus-children-covid-19.html\">Todesf\u00e4lle von Kindern in New York<\/a>, bei denen die Krankheit mit v\u00f6llig neuen Symptomen auftrat.<\/p>\n\n\n\n<p>Nach den \u00d6ffnungen von Grundschulen kam es nun <a href=\"https:\/\/www.stuttgarter-zeitung.de\/inhalt.grundschulen-in-baden-wuerttemberg-lehrer-wegen-corona-infektionen-an-schulen-in-sorge.796bc635-ff32-4f81-8e84-05f733b4a5d6.html\">vereinzelt zu Ausbr\u00fcchen<\/a>, die Lehrerverb\u00e4nde und Eltern beunruhigen. Und: die Langzeitwirkungen von Infektionen sind bei Kindern nat\u00fcrlich ebenso wenig erforscht wie bei Erwachsenen.<\/p>\n\n\n\n<p><strong>Die aktuelle Situation in Kinderg\u00e4rten und Schulen<\/strong><\/p>\n\n\n\n<p>Unter anfangs strengen Auflagen wurden Kinderg\u00e4rten und Grundschulen ge\u00f6ffnet. Die Notbetreuungskriterien wurden erweitert, sodass mehr Familien einen Anspruch auf einen Betreuungsplatz hatten. An den Auflagen gab es aber auch Kritik. Der <a href=\"https:\/\/www.br.de\/nachrichten\/bayern\/kinder-in-der-corona-krise-experten-warnen-vor-folgen,RyxXvqi\">Kinderschutzbund merkte an<\/a>, dass die Zulassung zur Notbetreuung nur an den Bed\u00fcrfnissen der Eltern ausgelegt sei und nicht an denen der Kinder. Auch auf individuelle Bed\u00fcrfnisse, wie \u00dcberbelastung, wurde wenig eingegangen. In der Einrichtung in der meine Mutter arbeitet, sollten beispielsweise Kinder einer f\u00fcnffachen und durch die Krise \u00fcberlasteten Mutter abgewiesen werden, da nur die Kinder von Eltern in \u201eunabk\u00f6mmlichen Berufen\u201c einen Anspruch auf Betreuung h\u00e4tten. Je nach Bundesland sind die Kinderg\u00e4rten so wie die Grundschulen seit Juli nun wieder in den \u201e<a href=\"https:\/\/www.baden-wuerttemberg.de\/fileadmin\/redaktion\/dateien\/PDF\/Anlagen_PMs_2020\/200616_Konzept_Regelbetrieb_Kita_und_Kindertagespflege_Pandemiebedingungen.pdf\">Regelbetrieb unter Pandemiebedingungen<\/a>\u201c \u00fcbergegangen. Die Organisation der teilweise versprochenen regelm\u00e4\u00dfigen Tests f\u00fcr die P\u00e4dagogen wurde allerdings noch nicht abschlie\u00dfend gekl\u00e4rt.<\/p>\n\n\n\n<p>Belastet sind vor allem noch Familien mit Kindern, die nicht mehr im Grundschulalter sind. Die Umstellung auf Homeschooling ist nicht f\u00fcr jede Familie gleich machbar. W\u00e4hrend zum einen viele Eltern \u00fcber eine kaum zu bew\u00e4ltigende Informationsflut klagen, herrschen bei anderen Familien noch viel grundlegendere Probleme. Kinder, deren Eltern kein oder nur wenig Deutsch sprechen, haben kaum M\u00f6glichkeiten den Unterricht zuhause zu machen. Au\u00dferdem mangelt es oft an der technischen Ausstattung, um \u00fcberhaupt Zugriff auf die Materialien zu haben.<\/p>\n\n\n\n<p><strong>Erh\u00f6hte Belastung f\u00fcr Benachteiligte<\/strong><\/p>\n\n\n\n<p>F\u00fcr alle Familien, vor allem f\u00fcr die die in beengten Verh\u00e4ltnissen leben, kann ein wochenlanger Lockdown zu einer <a href=\"https:\/\/www.sos-kinderdorf.de\/portal\/paedagogik\/corona\/corona-situation-verschaerft-die-belastung-fuer-familien\">gro\u00dfen Belastung<\/a> werden. Einer <a href=\"https:\/\/www.tagesschau.de\/investigativ\/swr\/homeschooling-111.html\">Studie der Uni Landau-Koblenz<\/a> vom April zufolge, sieht ein Viertel der Eltern die Beziehung zu ihren Kindern durch den Unterricht zuhause gef\u00e4hrdet.<\/p>\n\n\n\n<p>R\u00e4umliche Beengung und die fehlende M\u00f6glichkeit, Abstand zu nehmen, k\u00f6nnen im Zusammenhang mit der allgemeinen Stresssituation zu einem gef\u00e4hrlichen Umfeld werden. Bereits im M\u00e4rz deutete sich ein alarmierender Trend an: der Andrang von Eltern sowie Kindern bei der <a href=\"https:\/\/www.bmfsfj.de\/bmfsfj\/aktuelles\/presse\/pressemitteilungen\/bundesfamilienministerin-giffey-erweitert-beratung-der--nummer-gegen-kummer--\/154604\">\u201eNummer gegen Kummer\u201c<\/a> stieg um jeweils \u00fcber 20%, einen \u00e4hnlichen Anstieg verzeichnete das <a href=\"https:\/\/www1.wdr.de\/nachrichten\/themen\/coronavirus\/haeusliche-gewalt-hilfetelefon-100.html\">Hilfetelefon \u201eGewalt gegen Frauen\u201c<\/a>.<\/p>\n\n\n\n<p>Die <a href=\"https:\/\/www.zeit.de\/wissen\/2020-04\/quarantaene-coronavirus-kinder-folgen-psychologie\">Entwicklungspsychologin Sabina Pauen<\/a> betont zwar, dass die Coronakrise nicht pauschal eine Extremsituation f\u00fcr Kinder darstellen muss. Es hinge aber sehr von ihren Eltern und deren M\u00f6glichkeiten ab, wie gut die Kinder die Zeit ohne Freunde und gemeinsame Freizeitbesch\u00e4ftigungen \u201e\u00fcberstehen\u201c k\u00f6nnen. Die Umst\u00e4nde k\u00f6nnen dazu f\u00fchren, dass die Bildungsschere gr\u00f6\u00dfer wird: Kinder mit Zugriff auf technische Hilfsmittel und Eltern die viel Zeit f\u00fcr sie haben oder der F\u00e4higkeit sich selbst zu strukturieren sind momentan klar im Vorteil.<\/p>\n\n\n\n<p><strong>Die aktuelle Situation<\/strong><\/p>\n\n\n\n<p>Obwohl momentan immer mehr Betreuungseinrichtungen wieder ge\u00f6ffnet werden ist die Krise nat\u00fcrlich noch nicht vorbei. Als der Skandal um den Schlachtbetrieb T\u00f6nnies beispielsweise seinen Anfang nahm und mehrere hundert Infektionen festgestellt wurden, wurden als aller erstes Kitas und Schulen wieder geschlossen \u2013 w\u00e4hrend das Leben ansonsten kaum eingeschr\u00e4nkt wurde. Ein kompletter Lockdown f\u00fcr den Landkreis w\u00e4re laut B\u00fcrgermeister <a href=\"https:\/\/www.faz.net\/aktuell\/gesellschaft\/gesundheit\/coronavirus\/corona-ausbruch-bei-toennies-lockdown-fuer-kreis-guetersloh-16820616.html\">Sven-Georg Adenauer<\/a> \u201eunertr\u00e4glich\u201c gewesen. F\u00fcr die Kinder bedeutete es aber wieder: zuhause bleiben. Der Lockdown f\u00fcr den kompletten Kreis folgte nur kurze Zeit sp\u00e4ter, die Muster zeigen aber: es werden wohl immer wieder Kinder und Familien sein, die als erstes eingeschr\u00e4nkt werden. Die momentane Ungewissheit und die sich st\u00e4ndig \u00e4ndernde Lage ist f\u00fcr Kinder kaum nachvollziehbar und f\u00fcr Familien schwer zu organisieren.<\/p>\n\n\n\n<p>Ich arbeite beispielsweise jeden Sommer in einem Freizeitheim, wo explizit darauf geachtet wird Kindern aus schwierigen Familienverh\u00e4ltnissen einen Platz f\u00fcr Freizeit zu geben. Trotz der in Baden-W\u00fcrttemberg gelockerten Ma\u00dfnahmen, wird die Betreuung dieses Jahr eingeschr\u00e4nkt auf 24 Kinder in der Woche \u2013 statt 300. Wen genau diese Notbetreuung trifft, ist noch nicht vollst\u00e4ndig gekl\u00e4rt. Aber es wird wohl keinen Platz geben f\u00fcr alle gefl\u00fcchteten Kinder und Kinder aus armen Verh\u00e4ltnissen, die nicht in den Urlaub fahren k\u00f6nnen und nun sechs weitere Wochen zuhause bleiben m\u00fcssen.<\/p>\n\n\n\n<p>Da sich die Corona-Krise und die damit daherkommenden Einschr\u00e4nkungen des \u00f6ffentlichen Lebens nicht innerhalb der n\u00e4chsten Wochen in Luft aufl\u00f6sen werden, sind andere L\u00f6sungswege f\u00fcr Familien gefragt. Ein erster Schritt wurde daf\u00fcr schon im Juni gemacht, als das <a href=\"https:\/\/www.bmfsfj.de\/bmfsfj\/aktuelles\/presse\/pressemitteilungen\/ministerin-giffey--corona-konjunkturpaket-ist-ein-grosser-familienpolitischer-erfolg-und-richtig-starker-impuls\/156208\">Konjunkturpaket<\/a> verabschiedet wurde, das auch Familien finanziell unter die Arme greifen und \u00f6ffentliche Einrichtungen unterst\u00fctzen soll und laut Ministerin Giffey ein \u201egro\u00dfer familienpolitischer Erfolg\u201c ist. In vielen sozialen Bereichen wird es jetzt aber vor allem auf den Einsatz von Organisationen und einzelnen ankommen, um die Kinder zu erreichen und ihnen in dieser neuen Art von Alltag zu helfen.<\/p>\n\n\n\n<p><\/p>\n\n\n\n<pre class=\"wp-block-preformatted\"><em>*Dieser Beitrag ist im Rahmen des Kurses Krisenmanagement in der globalen Sars-Cov2 \/ Covid19 Krise entstanden.<\/em><\/pre>\n\n\n\n<p>Autorin: Marla Budde<\/p>\n\n\n\n<p><\/p>\n","protected":false},"excerpt":{"rendered":"<p>Als im M\u00e4rz das \u00f6ffentliche Leben in Deutschland heruntergefahren wurde und neben Bars und Restaurants auch Schulen, Kitas, B\u00fcros, Spielpl\u00e4tze und Baum\u00e4rkte schlie\u00dfen mussten, gab es viele Diskussionspunkte bei den allabendlichen Talkshows und Politsendungen. Wie kann die Ausbreitung des Virus effektiv gestoppt werden? Wird das die Wirtschaft ruinieren? Sind innereurop\u00e4ische Grenzschlie\u00dfungen wirklich der richtige Schritt?&hellip; <\/p>\n","protected":false},"author":26,"featured_media":6865,"comment_status":"open","ping_status":"open","sticky":false,"template":"","format":"standard","meta":{"jetpack_post_was_ever_published":false,"_jetpack_newsletter_access":"","_jetpack_dont_email_post_to_subs":false,"_jetpack_newsletter_tier_id":0,"_jetpack_memberships_contains_paywalled_content":false,"_jetpack_memberships_contains_paid_content":false,"footnotes":"","jetpack_publicize_message":"","jetpack_publicize_feature_enabled":true,"jetpack_social_post_already_shared":true,"jetpack_social_options":{"image_generator_settings":{"template":"highway","default_image_id":0,"font":"","enabled":false},"version":2}},"categories":[6],"tags":[250,280,281],"class_list":["post-6796","post","type-post","status-publish","format-standard","has-post-thumbnail","hentry","category-gastbeitrage","tag-corona","tag-deutschland","tag-kinder"],"translation":{"provider":"WPGlobus","version":"3.0.2","language":"en","enabled_languages":["de","en"],"languages":{"de":{"title":true,"content":true,"excerpt":false},"en":{"title":false,"content":false,"excerpt":false}}},"jetpack_publicize_connections":[],"jetpack_featured_media_url":"https:\/\/i0.wp.com\/www.sofagoesabroad.de\/wp-content\/uploads\/2020\/07\/KOPP_Report_Spielplatz_wegen_Corona_gesperrt.jpg?fit=800%2C530","jetpack_sharing_enabled":true,"jetpack_shortlink":"https:\/\/wp.me\/p81wMH-1LC","jetpack_likes_enabled":true,"_links":{"self":[{"href":"http:\/\/www.sofagoesabroad.de\/en\/wp-json\/wp\/v2\/posts\/6796","targetHints":{"allow":["GET"]}}],"collection":[{"href":"http:\/\/www.sofagoesabroad.de\/en\/wp-json\/wp\/v2\/posts"}],"about":[{"href":"http:\/\/www.sofagoesabroad.de\/en\/wp-json\/wp\/v2\/types\/post"}],"author":[{"embeddable":true,"href":"http:\/\/www.sofagoesabroad.de\/en\/wp-json\/wp\/v2\/users\/26"}],"replies":[{"embeddable":true,"href":"http:\/\/www.sofagoesabroad.de\/en\/wp-json\/wp\/v2\/comments?post=6796"}],"version-history":[{"count":2,"href":"http:\/\/www.sofagoesabroad.de\/en\/wp-json\/wp\/v2\/posts\/6796\/revisions"}],"predecessor-version":[{"id":6798,"href":"http:\/\/www.sofagoesabroad.de\/en\/wp-json\/wp\/v2\/posts\/6796\/revisions\/6798"}],"wp:featuredmedia":[{"embeddable":true,"href":"http:\/\/www.sofagoesabroad.de\/en\/wp-json\/wp\/v2\/media\/6865"}],"wp:attachment":[{"href":"http:\/\/www.sofagoesabroad.de\/en\/wp-json\/wp\/v2\/media?parent=6796"}],"wp:term":[{"taxonomy":"category","embeddable":true,"href":"http:\/\/www.sofagoesabroad.de\/en\/wp-json\/wp\/v2\/categories?post=6796"},{"taxonomy":"post_tag","embeddable":true,"href":"http:\/\/www.sofagoesabroad.de\/en\/wp-json\/wp\/v2\/tags?post=6796"}],"curies":[{"name":"wp","href":"https:\/\/api.w.org\/{rel}","templated":true}]}}