{"id":6753,"date":"2020-07-01T08:13:00","date_gmt":"2020-07-01T08:13:00","guid":{"rendered":"http:\/\/www.sofagoesabroad.de\/?p=6753"},"modified":"2020-06-28T08:36:26","modified_gmt":"2020-06-28T08:36:26","slug":"gondelfahrt-aber-bitte-mit-abstand","status":"publish","type":"post","link":"http:\/\/www.sofagoesabroad.de\/en\/gondelfahrt-aber-bitte-mit-abstand\/","title":{"rendered":"Gondelfahrt, aber bitte mit Abstand"},"content":{"rendered":"\n<p>Venedig \u2013 \u00a0damit verbinden viele: Br\u00fccken, sch\u00f6ne Gassen, kleine Kan\u00e4le. Karneval, kunstvoll verzierte Masken, aber leider auch: Massentourismus.<\/p>\n<p>Zumindest in den vergangenen Jahren. Denn durch den Ausbruch des Corona Virus hat sich f\u00fcr die sch\u00f6ne Stadt im Nordosten Italiens einiges ge\u00e4ndert. Bereits vor dem Lockdown Italiens im Februar wurde der ber\u00fchmte Karneval vom Pr\u00e4sidenten der Region Venetien Luca Zaia <a href=\"https:\/\/www.dw.com\/de\/coronavirus-rafft-den-karneval-dahin\/a-52482028\">abgesagt<\/a>, aus Sorge vor einer weiteren Ausbreitung des Coronavirus.<\/p>\n<p>Das bedeutet: keine Menschenmassen, die sich durch kleine Gassen dr\u00e4ngen und f\u00fcr Fotos auf der Rialto-Br\u00fccke posieren, keine riesigen Kreuzfahrtschiffe, die das Stadtpanorama st\u00f6ren und keine Gondeln, die eine nach der anderen durch den Canale Grande gesteuert werden.<\/p>\n<p>Das bedeutet aber auch: einen Einbruch der Tourismusbranche, und zwar nicht gerade unerheblich. Die Stadt lebt wortw\u00f6rtlich vom Tourismus, auf etwa 50.000 Einwohner kamen letztes Jahr rund <a href=\"https:\/\/www.merkur.de\/reise\/venedig-sucht-neue-wege-fuer-tourismus-zr-13784466.html\">13 Millionen \u00dcbernachtungsg\u00e4ste<\/a> und mehr als <a href=\"https:\/\/www.tagesschau.de\/ausland\/italien-venedig-coronavirus-101.html\">jeder Zweite<\/a> ist im Tourismussektor t\u00e4tig. Nachdem erst im November 2019 ein <a href=\"https:\/\/www.swp.de\/panorama\/corona-italien-urlaub-2020-venedig-reisen-trotz-coronavirus-moeglich-tourismus-kreuzfahrt-italien-46767967.html\">Hochwasser<\/a> gro\u00dfe Sch\u00e4den anrichtete, blieben schon zu dieser Zeit Touristen der Stadt fern. Jetzt, nach dem Ausbruch des Virus, prognostiziert die italienische Regierung gravierende wirtschaftliche Einbu\u00dfen: Rund <a href=\"https:\/\/www.tagesschau.de\/ausland\/italien-venedig-coronavirus-101.html\">zwei Milliarden Euro<\/a> gehen Venedig sch\u00e4tzungsweise aufgrund der Coronakrise verloren.<\/p>\n<p>\u00a0<\/p>\n<h4><strong>Die Stadt, die einst \u00fcberrannt wurde, bittet nun um Urlauber.<\/strong><\/h4>\n<p>Seit dem 3. Juni sind in Italien <a href=\"https:\/\/www.tagesschau.de\/ausland\/italien-venedig-coronavirus-101.html\">Auslandsreisen<\/a> wieder erlaubt, seit dem 15. Juni sind die Grenzen f\u00fcr Einreisende wieder ge\u00f6ffnet. Auf Twitter ruft der B\u00fcrgermeister Venedigs, Luigi Brugnaro, bereits am 28. April auf, wieder in die sch\u00f6ne Stadt zu reisen:<\/p>\n\n\n\n<div class=\"wp-block-image\"><figure class=\"aligncenter size-large\"><img data-recalc-dims=\"1\" loading=\"lazy\" decoding=\"async\" width=\"790\" height=\"615\" data-attachment-id=\"6754\" data-permalink=\"http:\/\/www.sofagoesabroad.de\/en\/gondelfahrt-aber-bitte-mit-abstand\/capo-venezia\/\" data-orig-file=\"https:\/\/i0.wp.com\/www.sofagoesabroad.de\/wp-content\/uploads\/2020\/06\/Capo-Venezia.jpg?fit=903%2C703\" data-orig-size=\"903,703\" data-comments-opened=\"1\" data-image-meta=\"{&quot;aperture&quot;:&quot;0&quot;,&quot;credit&quot;:&quot;Jasmin Vief&quot;,&quot;camera&quot;:&quot;&quot;,&quot;caption&quot;:&quot;&quot;,&quot;created_timestamp&quot;:&quot;1592691929&quot;,&quot;copyright&quot;:&quot;&quot;,&quot;focal_length&quot;:&quot;0&quot;,&quot;iso&quot;:&quot;0&quot;,&quot;shutter_speed&quot;:&quot;0&quot;,&quot;title&quot;:&quot;&quot;,&quot;orientation&quot;:&quot;0&quot;}\" data-image-title=\"Capo-Venezia\" data-image-description=\"\" data-image-caption=\"\" data-large-file=\"https:\/\/i0.wp.com\/www.sofagoesabroad.de\/wp-content\/uploads\/2020\/06\/Capo-Venezia.jpg?fit=790%2C615\" src=\"https:\/\/i0.wp.com\/www.sofagoesabroad.de\/wp-content\/uploads\/2020\/06\/Capo-Venezia.jpg?resize=790%2C615\" alt=\"\" class=\"wp-image-6754\" srcset=\"https:\/\/i0.wp.com\/www.sofagoesabroad.de\/wp-content\/uploads\/2020\/06\/Capo-Venezia.jpg?w=903 903w, https:\/\/i0.wp.com\/www.sofagoesabroad.de\/wp-content\/uploads\/2020\/06\/Capo-Venezia.jpg?resize=300%2C234 300w, https:\/\/i0.wp.com\/www.sofagoesabroad.de\/wp-content\/uploads\/2020\/06\/Capo-Venezia.jpg?resize=768%2C598 768w\" sizes=\"auto, (max-width: 790px) 100vw, 790px\" \/><figcaption>Quelle: <a href=\"https:\/\/twitter.com\/luigibrugnaro\">https:\/\/twitter.com\/luigibrugnaro<\/a><\/figcaption><\/figure><\/div>\n\n\n\n<h6 style=\"text-align: center;\">\u201eJedem, der sich in den kommenden Monaten bewegen kann, sage ich: Kommt nach Venedig\u201c<\/h6>\n<p>Diesem Aufruf bin ich am 20. Juni brav gefolgt, um Venedigs Wirtschaft zu retten, versteht sich. Nachdem ich mein Erasmus Semester gr\u00f6\u00dftenteils in meinem sch\u00f6nen Dorf in Bayern verbracht habe und meine WG statt aus Studenten, aus meinem Papa, den Gro\u00dfeltern und dem Hund bestand, ging es f\u00fcr mich am 16. Juni zur\u00fcck nach Padua, in den Norden Italiens. Ja zur\u00fcck ist hier richtig, da ich die bezaubernde Stadt f\u00fcr 5 Tage bereits im M\u00e4rz erblicken durfte, jedoch auch nicht l\u00e4nger, da genau an meinem Ankunftstag der Lockdown ausgerufen wurde. Aber hier bin ich nun wieder, 40 km entfernt von Venedig. Da es wohl keinen besseren Zeitpunkt gibt als diesen, die sonst von Touristen \u00fcberschwemmte Stadt zu besuchen, habe ich die 8\u20ac Fahrtkosten (Hin- und R\u00fcckfahrt) f\u00fcr die Zugfahrt auf mich genommen und bin nach Venedig gereist.<\/p>\n<p>\u00a0<\/p>\n<h4><strong>Venedig f\u00fcr mich ganz allein?<\/strong><\/h4>\n<p>Daf\u00fcr h\u00e4tte ich wohl vor dem 15. Juni ankommen m\u00fcssen, doch auch jetzt kurz nach der Grenz\u00f6ffnung erlebt man ein ganz anderes Venedig. Zwar trifft man auf der \u201eHauptstra\u00dfe\u201c und an den Touristen Hotspots wie der Rialto-Br\u00fccke auf den einen oder anderen Touristen und ein paar Gondeln sind unterwegs, jedoch ist es nicht mit dem Touristenandrang in einer normalen Hauptsaison vergleichbar. F\u00fcr den Besuch des Campanile di San Marco (Markusturm) mussten wir 5 Minuten anstehen, aber auch nur, da die Zahl der Personen f\u00fcr den Aufzug auf 4 begrenzt war. So war auch der sonst \u00fcberf\u00fcllte Markusplatz vergleichbar leer:<\/p>\n\n\n\n<figure class=\"wp-block-gallery columns-2 is-cropped wp-block-gallery-1 is-layout-flex wp-block-gallery-is-layout-flex\"><ul class=\"blocks-gallery-grid\"><li class=\"blocks-gallery-item\"><figure><img loading=\"lazy\" decoding=\"async\" width=\"2016\" height=\"1512\" data-attachment-id=\"6759\" data-permalink=\"http:\/\/www.sofagoesabroad.de\/en\/gondelfahrt-aber-bitte-mit-abstand\/img_2274-2\/\" data-orig-file=\"https:\/\/i0.wp.com\/www.sofagoesabroad.de\/wp-content\/uploads\/2020\/06\/IMG_2274-2.jpg?fit=2016%2C1512\" data-orig-size=\"2016,1512\" data-comments-opened=\"1\" data-image-meta=\"{&quot;aperture&quot;:&quot;1.8&quot;,&quot;credit&quot;:&quot;&quot;,&quot;camera&quot;:&quot;iPhone 8&quot;,&quot;caption&quot;:&quot;&quot;,&quot;created_timestamp&quot;:&quot;1592575899&quot;,&quot;copyright&quot;:&quot;&quot;,&quot;focal_length&quot;:&quot;3.99&quot;,&quot;iso&quot;:&quot;25&quot;,&quot;shutter_speed&quot;:&quot;0.00025&quot;,&quot;title&quot;:&quot;&quot;,&quot;orientation&quot;:&quot;1&quot;}\" data-image-title=\"IMG_2274-2\" data-image-description=\"\" data-image-caption=\"\" data-large-file=\"https:\/\/i0.wp.com\/www.sofagoesabroad.de\/wp-content\/uploads\/2020\/06\/IMG_2274-2.jpg?fit=790%2C593\" src=\"https:\/\/i1.wp.com\/www.sofagoesabroad.de\/wp-content\/uploads\/2020\/06\/IMG_2274-2.jpg?fit=790%2C593\" alt=\"\" data-id=\"6759\" data-full-url=\"https:\/\/i1.wp.com\/www.sofagoesabroad.de\/wp-content\/uploads\/2020\/06\/IMG_2274-2.jpg?fit=2016%2C1512\" data-link=\"http:\/\/www.sofagoesabroad.de\/?attachment_id=6759\" class=\"wp-image-6759\" srcset=\"https:\/\/i0.wp.com\/www.sofagoesabroad.de\/wp-content\/uploads\/2020\/06\/IMG_2274-2.jpg?w=2016 2016w, https:\/\/i0.wp.com\/www.sofagoesabroad.de\/wp-content\/uploads\/2020\/06\/IMG_2274-2.jpg?resize=300%2C225 300w, https:\/\/i0.wp.com\/www.sofagoesabroad.de\/wp-content\/uploads\/2020\/06\/IMG_2274-2.jpg?resize=1024%2C768 1024w, https:\/\/i0.wp.com\/www.sofagoesabroad.de\/wp-content\/uploads\/2020\/06\/IMG_2274-2.jpg?resize=768%2C576 768w, https:\/\/i0.wp.com\/www.sofagoesabroad.de\/wp-content\/uploads\/2020\/06\/IMG_2274-2.jpg?resize=1536%2C1152 1536w\" sizes=\"auto, (max-width: 790px) 100vw, 790px\" \/><figcaption class=\"blocks-gallery-item__caption\">Quelle: eigene Aufnahme<\/figcaption><\/figure><\/li><li class=\"blocks-gallery-item\"><figure><img data-recalc-dims=\"1\" loading=\"lazy\" decoding=\"async\" width=\"790\" height=\"772\" data-attachment-id=\"6758\" data-permalink=\"http:\/\/www.sofagoesabroad.de\/en\/gondelfahrt-aber-bitte-mit-abstand\/markusplatz-touris-4-jpg-dw-reise-venedig-jpg-1\/\" data-orig-file=\"https:\/\/i0.wp.com\/www.sofagoesabroad.de\/wp-content\/uploads\/2020\/06\/markusplatz-touris-4-jpg-DW-Reise-Venedig-jpg-1.jpg?fit=1024%2C1001\" data-orig-size=\"1024,1001\" data-comments-opened=\"1\" data-image-meta=\"{&quot;aperture&quot;:&quot;0&quot;,&quot;credit&quot;:&quot;&quot;,&quot;camera&quot;:&quot;&quot;,&quot;caption&quot;:&quot;&quot;,&quot;created_timestamp&quot;:&quot;0&quot;,&quot;copyright&quot;:&quot;&quot;,&quot;focal_length&quot;:&quot;0&quot;,&quot;iso&quot;:&quot;0&quot;,&quot;shutter_speed&quot;:&quot;0&quot;,&quot;title&quot;:&quot;&quot;,&quot;orientation&quot;:&quot;0&quot;}\" data-image-title=\"markusplatz-touris-4-jpg-DW-Reise-Venedig-jpg-1\" data-image-description=\"\" data-image-caption=\"\" data-large-file=\"https:\/\/i0.wp.com\/www.sofagoesabroad.de\/wp-content\/uploads\/2020\/06\/markusplatz-touris-4-jpg-DW-Reise-Venedig-jpg-1.jpg?fit=790%2C772\" src=\"https:\/\/i0.wp.com\/www.sofagoesabroad.de\/wp-content\/uploads\/2020\/06\/markusplatz-touris-4-jpg-DW-Reise-Venedig-jpg-1.jpg?resize=790%2C772\" alt=\"\" data-id=\"6758\" class=\"wp-image-6758\" srcset=\"https:\/\/i0.wp.com\/www.sofagoesabroad.de\/wp-content\/uploads\/2020\/06\/markusplatz-touris-4-jpg-DW-Reise-Venedig-jpg-1.jpg?w=1024 1024w, https:\/\/i0.wp.com\/www.sofagoesabroad.de\/wp-content\/uploads\/2020\/06\/markusplatz-touris-4-jpg-DW-Reise-Venedig-jpg-1.jpg?resize=300%2C293 300w, https:\/\/i0.wp.com\/www.sofagoesabroad.de\/wp-content\/uploads\/2020\/06\/markusplatz-touris-4-jpg-DW-Reise-Venedig-jpg-1.jpg?resize=768%2C751 768w\" sizes=\"auto, (max-width: 790px) 100vw, 790px\" \/><figcaption class=\"blocks-gallery-item__caption\">Quelle: <a href=\"https:\/\/img.welt.de\/img\/reise\/mobile100368719\/6572500427-ci102l-w1024\/markusplatz-touris-4-jpg-DW-Reise-Venedig-jpg.jpg\">link<\/a><\/figcaption><\/figure><\/li><\/ul><\/figure>\n\n\n\n<h4><strong>Coronavirus und Tourismus?<\/strong><\/h4>\n<p>Maskenpflicht und Desinfektionsmittel hier, Abstandsregel da. An Flugh\u00e4fen, Bahnh\u00f6fen, in Museen und an vielen anderen \u00f6ffentlichen Orten m\u00fcssen Reisende nun Einschr\u00e4nkungen aufgrund des Virus in Kauf nehmen und damit rechnen, dass Fieber gemessen wird. So mussten wir auch vor unserem Aufstieg die Temperatur checken lassen, H\u00e4nde desinfizieren und nach oben ging es dann mit Maske. Der Aufzug wurde nach Gebrauch kurz gel\u00fcftet und der Rundgang war auf One-way beschr\u00e4nkt. Generell gelten auch \u00fcberall Abstands- und Hygienevorschriften, ob diese Regeln eingehalten werden ist jedoch die andere Sache.<\/p>\n\n\n\n<div class=\"wp-block-image\"><figure class=\"aligncenter size-large is-resized\"><img loading=\"lazy\" decoding=\"async\" data-attachment-id=\"6760\" data-permalink=\"http:\/\/www.sofagoesabroad.de\/en\/gondelfahrt-aber-bitte-mit-abstand\/img_1637\/\" data-orig-file=\"https:\/\/i0.wp.com\/www.sofagoesabroad.de\/wp-content\/uploads\/2020\/06\/IMG_1637-rotated.jpg?fit=1512%2C2016\" data-orig-size=\"1512,2016\" data-comments-opened=\"1\" data-image-meta=\"{&quot;aperture&quot;:&quot;1.8&quot;,&quot;credit&quot;:&quot;&quot;,&quot;camera&quot;:&quot;iPhone 8&quot;,&quot;caption&quot;:&quot;&quot;,&quot;created_timestamp&quot;:&quot;1592756202&quot;,&quot;copyright&quot;:&quot;&quot;,&quot;focal_length&quot;:&quot;3.99&quot;,&quot;iso&quot;:&quot;20&quot;,&quot;shutter_speed&quot;:&quot;0.0028985507246377&quot;,&quot;title&quot;:&quot;&quot;,&quot;orientation&quot;:&quot;1&quot;}\" data-image-title=\"IMG_1637\" data-image-description=\"\" data-image-caption=\"\" data-large-file=\"https:\/\/i0.wp.com\/www.sofagoesabroad.de\/wp-content\/uploads\/2020\/06\/IMG_1637-rotated.jpg?fit=768%2C1024\" src=\"https:\/\/i0.wp.com\/www.sofagoesabroad.de\/wp-content\/uploads\/2020\/06\/IMG_1637-rotated.jpg?fit=768%2C1024\" alt=\"\" class=\"wp-image-6760\" width=\"251\" height=\"334\" srcset=\"https:\/\/i0.wp.com\/www.sofagoesabroad.de\/wp-content\/uploads\/2020\/06\/IMG_1637-rotated.jpg?w=1512 1512w, https:\/\/i0.wp.com\/www.sofagoesabroad.de\/wp-content\/uploads\/2020\/06\/IMG_1637-rotated.jpg?resize=225%2C300 225w, https:\/\/i0.wp.com\/www.sofagoesabroad.de\/wp-content\/uploads\/2020\/06\/IMG_1637-rotated.jpg?resize=768%2C1024 768w, https:\/\/i0.wp.com\/www.sofagoesabroad.de\/wp-content\/uploads\/2020\/06\/IMG_1637-rotated.jpg?resize=1152%2C1536 1152w\" sizes=\"auto, (max-width: 251px) 100vw, 251px\" \/><figcaption>Quelle: eigene Aufnahme<\/figcaption><\/figure><\/div>\n\n\n\n<p>Auch der Strand ist wieder ge\u00f6ffnet, im September soll sogar das <a href=\"https:\/\/www.welt.de\/reise\/article207586169\/Coronakrise-Ploetzlich-bettelt-Venedig-um-Touristen.html\">internationale Filmfest<\/a> wie geplant stattfinden. Doch der Strandbesuch bringt trotzdem <a href=\"https:\/\/www.welt.de\/reise\/nah\/article208080549\/Italien-Urlaub-2020-Reisen-trotz-Corona-so-ist-die-aktuelle-Lage.html\">Einschr\u00e4nkungen<\/a> mit sich: Sonnenschirme ben\u00f6tigen einen Platz von zehn Quadratmetern um sich herum, Sonnenliegen ohne Sonnenschirm m\u00fcssen 1,5 Meter voneinander entfernt stehen und werden nach jedem Besucher desinfiziert.<\/p>\n<p>\u00a0<\/p>\n<h4><strong>Wieder zur\u00fcck zum Massentourismus?<\/strong><\/h4>\n<p>Um gegen das urspr\u00fcngliche Problem , die Touristenmassen, vorzugehen, wollte Venedig eigentlich ab 1. Juli 2020 eine <a href=\"https:\/\/www.swp.de\/panorama\/corona-italien-urlaub-2020-venedig-reisen-trotz-coronavirus-moeglich-tourismus-kreuzfahrt-italien-46767967.html\">\u201eEintrittssteuer\u201c<\/a> verlangen. Doch dann kam Covid-19 und die sehr umstrittene Steuer wurde auf n\u00e4chstes Jahr verschoben \u2013 vorerst zumindest. Umweltwissenschaftler wie <a href=\"https:\/\/www.stuttgarter-zeitung.de\/inhalt.plaene-nach-corona-zurueck-zum-massentourismus-venedig-am-scheideweg.22da559b-3b49-4cff-aa39-a1402fd5475e.html\">Giovanni Cecconi<\/a> erhoffen sich jedoch,\u00a0 dass der Tourismus nicht wieder zu seiner alten Form zur\u00fcckkehrt:<\/p>\n\n\n\n<blockquote class=\"wp-block-quote has-text-align-center is-layout-flow wp-block-quote-is-layout-flow\"><p>\u201eWir erleben gerade einen Tourismus der N\u00e4he, so wie es vor 50 Jahren war&#8221;<\/p><cite><a href=\"https:\/\/www.stuttgarter-zeitung.de\/inhalt.plaene-nach-corona-zurueck-zum-massentourismus-venedig-am-scheideweg.22da559b-3b49-4cff-aa39-a1402fd5475e.html\">Giovanni Cecconi<\/a><\/cite><\/blockquote>\n\n\n\n<p>Ohne die Kreuzfahrtschiffe und den \u00fcberm\u00e4\u00dfigen Motorverkehr seien Fische und V\u00f6gel zur\u00fcckgekehrt und die Wasserqualit\u00e4t h\u00e4tte sich gebessert. Jetzt muss die Stadt eine Balance finden zwischen genug Touristen, um die Existenz der vom Tourismus abh\u00e4ngigen Bewohner zu bewahren und nicht zu vielen Touristen, damit Venedig nicht erneut am Massentourismus erstickt.<\/p>\n<p>Doch ist die Stadt gerade in diesen Zeiten bereit in eine neue, nachhaltigere Zukunft zu starten?<\/p>\n<p>\u00a0<\/p>\n<p>Autorin: Jasmin Vief<\/p>\n<pre class=\"wp-block-preformatted\"><em>*Dieser Beitrag ist im Rahmen des Kurses Krisenmanagement in der globalen Sars-Cov2 \/ Covid19 Krise entstanden.<\/em><\/pre>\n<p>\u00a0<\/p>\n<p>\u00a0<\/p>\n","protected":false},"excerpt":{"rendered":"<p>\u201eWir erleben gerade einen Tourismus der N\u00e4he, so wie es vor 50 Jahren war&#8221; Giovanni Cecconi<\/p>\n","protected":false},"author":26,"featured_media":6761,"comment_status":"open","ping_status":"open","sticky":false,"template":"","format":"standard","meta":{"jetpack_post_was_ever_published":false,"_jetpack_newsletter_access":"","_jetpack_dont_email_post_to_subs":false,"_jetpack_newsletter_tier_id":0,"_jetpack_memberships_contains_paywalled_content":false,"_jetpack_memberships_contains_paid_content":false,"footnotes":"","jetpack_publicize_message":"","jetpack_publicize_feature_enabled":true,"jetpack_social_post_already_shared":true,"jetpack_social_options":{"image_generator_settings":{"template":"highway","default_image_id":0,"font":"","enabled":false},"version":2}},"categories":[6],"tags":[250,274,219],"class_list":["post-6753","post","type-post","status-publish","format-standard","has-post-thumbnail","hentry","category-gastbeitrage","tag-corona","tag-tourismus","tag-venedig"],"translation":{"provider":"WPGlobus","version":"3.0.2","language":"en","enabled_languages":["de","en"],"languages":{"de":{"title":true,"content":true,"excerpt":false},"en":{"title":false,"content":false,"excerpt":false}}},"jetpack_publicize_connections":[],"jetpack_featured_media_url":"https:\/\/i0.wp.com\/www.sofagoesabroad.de\/wp-content\/uploads\/2020\/06\/abf65beb-e8de-4c52-8da1-b76a5d2247d0.jpg?fit=1600%2C1066","jetpack_sharing_enabled":true,"jetpack_shortlink":"https:\/\/wp.me\/p81wMH-1KV","jetpack_likes_enabled":true,"_links":{"self":[{"href":"http:\/\/www.sofagoesabroad.de\/en\/wp-json\/wp\/v2\/posts\/6753","targetHints":{"allow":["GET"]}}],"collection":[{"href":"http:\/\/www.sofagoesabroad.de\/en\/wp-json\/wp\/v2\/posts"}],"about":[{"href":"http:\/\/www.sofagoesabroad.de\/en\/wp-json\/wp\/v2\/types\/post"}],"author":[{"embeddable":true,"href":"http:\/\/www.sofagoesabroad.de\/en\/wp-json\/wp\/v2\/users\/26"}],"replies":[{"embeddable":true,"href":"http:\/\/www.sofagoesabroad.de\/en\/wp-json\/wp\/v2\/comments?post=6753"}],"version-history":[{"count":3,"href":"http:\/\/www.sofagoesabroad.de\/en\/wp-json\/wp\/v2\/posts\/6753\/revisions"}],"predecessor-version":[{"id":6764,"href":"http:\/\/www.sofagoesabroad.de\/en\/wp-json\/wp\/v2\/posts\/6753\/revisions\/6764"}],"wp:featuredmedia":[{"embeddable":true,"href":"http:\/\/www.sofagoesabroad.de\/en\/wp-json\/wp\/v2\/media\/6761"}],"wp:attachment":[{"href":"http:\/\/www.sofagoesabroad.de\/en\/wp-json\/wp\/v2\/media?parent=6753"}],"wp:term":[{"taxonomy":"category","embeddable":true,"href":"http:\/\/www.sofagoesabroad.de\/en\/wp-json\/wp\/v2\/categories?post=6753"},{"taxonomy":"post_tag","embeddable":true,"href":"http:\/\/www.sofagoesabroad.de\/en\/wp-json\/wp\/v2\/tags?post=6753"}],"curies":[{"name":"wp","href":"https:\/\/api.w.org\/{rel}","templated":true}]}}