{"id":6647,"date":"2020-05-30T10:50:00","date_gmt":"2020-05-30T10:50:00","guid":{"rendered":"http:\/\/www.sofagoesabroad.de\/?p=6647"},"modified":"2020-05-19T10:54:08","modified_gmt":"2020-05-19T10:54:08","slug":"save-the-children-auswirkungen-der-pandemie-auf-die-arbeit-einer-gemeinnuetzigen-organisation","status":"publish","type":"post","link":"http:\/\/www.sofagoesabroad.de\/en\/save-the-children-auswirkungen-der-pandemie-auf-die-arbeit-einer-gemeinnuetzigen-organisation\/","title":{"rendered":"Save The Children \u2013 Auswirkungen der Pandemie auf die Arbeit einer gemeinn\u00fctzigen Organisation"},"content":{"rendered":"\n<p><em>Krisenmanagement in der globalen Sars-Cov2\/Covid19<\/em><br><em> Autorin: Cheyenne Schellein<\/em><\/p>\n\n\n\n<p>Wie sieht es eigentlich in den Fl\u00fcchtlingslagern aus? Was passiert in L\u00e4ndern mit instabiler Regierung, wenn wir uns in Deutschland schon Gedanken \u00fcber die gesundheitliche Versorgung machen? W\u00e4hrend Ebola stand es schon nicht gut um Teile Afrikas, was passiert jetzt, da jeder betroffen ist? Diese Fragen und viele mehr stelle ich mir immer wieder im Laufe der Covid-19 Pandemie. Eine Freundin, die f\u00fcr Save The Children t\u00e4tig ist, ist f\u00fcr diese Unklarheiten die erste Ansprechpartnerin. W\u00e4hrend vieler Gespr\u00e4che kl\u00e4rte sie mich nicht nur \u00fcber die Auswirkungen auf, die Covid-19 auf die Kinder in Fl\u00fcchtlingslagern hat, sondern auch wie sich die Organisation auf die Pandemie und die daraus resultierenden Konsequenzen einstellt.<\/p>\n\n\n\n<p><\/p>\n\n\n\n<p><strong>Was ist Save The Children?<\/strong><\/p>\n\n\n\n<figure class=\"wp-block-image size-large\"><img data-recalc-dims=\"1\" loading=\"lazy\" decoding=\"async\" width=\"268\" height=\"69\" data-attachment-id=\"6648\" data-permalink=\"http:\/\/www.sofagoesabroad.de\/en\/save-the-children-auswirkungen-der-pandemie-auf-die-arbeit-einer-gemeinnuetzigen-organisation\/image-9-2\/\" data-orig-file=\"https:\/\/i0.wp.com\/www.sofagoesabroad.de\/wp-content\/uploads\/2020\/05\/image-9.png?fit=268%2C69\" data-orig-size=\"268,69\" data-comments-opened=\"1\" data-image-meta=\"{&quot;aperture&quot;:&quot;0&quot;,&quot;credit&quot;:&quot;&quot;,&quot;camera&quot;:&quot;&quot;,&quot;caption&quot;:&quot;&quot;,&quot;created_timestamp&quot;:&quot;0&quot;,&quot;copyright&quot;:&quot;&quot;,&quot;focal_length&quot;:&quot;0&quot;,&quot;iso&quot;:&quot;0&quot;,&quot;shutter_speed&quot;:&quot;0&quot;,&quot;title&quot;:&quot;&quot;,&quot;orientation&quot;:&quot;0&quot;}\" data-image-title=\"image-9\" data-image-description=\"\" data-image-caption=\"\" data-large-file=\"https:\/\/i0.wp.com\/www.sofagoesabroad.de\/wp-content\/uploads\/2020\/05\/image-9.png?fit=268%2C69\" src=\"https:\/\/i0.wp.com\/www.sofagoesabroad.de\/wp-content\/uploads\/2020\/05\/image-9.png?resize=268%2C69\" alt=\"\" class=\"wp-image-6648\"\/><\/figure>\n\n\n\n<p>Die 1919 gegr\u00fcndete Nichtregierungsorganisation ist die gr\u00f6\u00dfte unabh\u00e4ngige Kinderrechtsorganisation weltweit. Sie ist in 30 L\u00e4nderorganisationen(Australien, D\u00e4nemark, Deutschland, Dominikanische Republik, Fidschi, Finnland, Gro\u00dfbritannien, Honduras, Hongkong) verteilt und in 117 L\u00e4ndern aktiv. Sie setzen sich unter anderem f\u00fcr Schutz, Gesundheit und Bildung benachteiligter Kinder und deren Familien ein.<\/p>\n\n\n\n<figure class=\"wp-block-image size-large\"><img data-recalc-dims=\"1\" loading=\"lazy\" decoding=\"async\" width=\"605\" height=\"343\" data-attachment-id=\"6649\" data-permalink=\"http:\/\/www.sofagoesabroad.de\/en\/save-the-children-auswirkungen-der-pandemie-auf-die-arbeit-einer-gemeinnuetzigen-organisation\/image-10-2\/\" data-orig-file=\"https:\/\/i0.wp.com\/www.sofagoesabroad.de\/wp-content\/uploads\/2020\/05\/image-10.png?fit=605%2C343\" data-orig-size=\"605,343\" data-comments-opened=\"1\" data-image-meta=\"{&quot;aperture&quot;:&quot;0&quot;,&quot;credit&quot;:&quot;&quot;,&quot;camera&quot;:&quot;&quot;,&quot;caption&quot;:&quot;&quot;,&quot;created_timestamp&quot;:&quot;0&quot;,&quot;copyright&quot;:&quot;&quot;,&quot;focal_length&quot;:&quot;0&quot;,&quot;iso&quot;:&quot;0&quot;,&quot;shutter_speed&quot;:&quot;0&quot;,&quot;title&quot;:&quot;&quot;,&quot;orientation&quot;:&quot;0&quot;}\" data-image-title=\"image-10\" data-image-description=\"\" data-image-caption=\"\" data-large-file=\"https:\/\/i0.wp.com\/www.sofagoesabroad.de\/wp-content\/uploads\/2020\/05\/image-10.png?fit=605%2C343\" src=\"https:\/\/i0.wp.com\/www.sofagoesabroad.de\/wp-content\/uploads\/2020\/05\/image-10.png?resize=605%2C343\" alt=\"\" class=\"wp-image-6649\" srcset=\"https:\/\/i0.wp.com\/www.sofagoesabroad.de\/wp-content\/uploads\/2020\/05\/image-10.png?w=605 605w, https:\/\/i0.wp.com\/www.sofagoesabroad.de\/wp-content\/uploads\/2020\/05\/image-10.png?resize=300%2C170 300w\" sizes=\"auto, (max-width: 605px) 100vw, 605px\" \/><figcaption><a href=\"https:\/\/www.savethechildren.net\/where-we-work\">https:\/\/www.savethechildren.net\/where-we-work<\/a><\/figcaption><\/figure>\n\n\n\n<p><\/p>\n\n\n\n<p><strong>Was macht Save The Children w\u00e4hrend der Pandemie?<\/strong><\/p>\n\n\n\n<p><span style=\"text-decoration: underline;\">Medizinische Notfallteams (<a href=\"https:\/\/www.savethechildren.de\/informieren\/themen\/gesundheit\/emergency-health-unit\">Emergency Health Unit<\/a>s)<\/span><\/p>\n\n\n\n<p>Mit den drei Hauptzielen \u2013 Schnell, Kompetent, \u00dcberall \u2013 sorgen die medizinischen Notfallteams daf\u00fcr, Kindern und Eltern in Not mit dem bestm\u00f6glichen Ergebnis zu helfen. Trifft ein Notfall ein, so k\u00f6nnen die an strategisch g\u00fcnstigen Orten verteilten Mitarbeiter und Instrumente innerhalb von 72 Stunden vor Ort sein und aktiv werden. Zudem bestehen diese Teams aus Experten und Spezialisten, die auf die m\u00f6glichen Notfallsituationen vorbereitet werden.<\/p>\n\n\n\n<p>Nach Angaben von Save The Children, wurden die Notfallteams zu Beginn der Pandemie im asiatischen Raum eingesetzt. Mittlerweile sind diese Teams weltweit im Einsatz gegen das Corona-Virus. &nbsp;<\/p>\n\n\n\n<p>In einem <a href=\"https:\/\/youtu.be\/GkXQ6kSmk_g\">Interview<\/a> spricht Rachel Pounds, Leiterin des internationalen Nothilfeteams von ihren Hauptzielen w\u00e4hrend der Covid-19 Pandemie. Zum einen betont sie, dass wir nie einer Pandemie in diesem Ausma\u00df gegen\u00fcberstanden. Es gab gesundheitliche Krisen, wie der <a href=\"https:\/\/www.who.int\/health-topics\/ebola\/#tab=tab_1\">Ebola Ausbruch 2014\/ 2015<\/a>, jedoch keine humanit\u00e4re Krise, die &#8211; jeden in jedem Land betrifft. Zum anderen sei es \u00fcberaus wichtig den Menschen weiterhin Zugang zu medizinischer Grundversorgung zu garantieren. Hierf\u00fcr startete Save The Children einen 100 Millionen Dollar Spendenaufruf, der nicht nur daf\u00fcr sorgen soll Kindern und ihren Familien weiterhin helfen zu k\u00f6nnen, sondern auch gen\u00fcgend Schutzausr\u00fcstung f\u00fcr die Helferteams bereitzustellen.<\/p>\n\n\n\n<p><span style=\"text-decoration: underline;\">Wie werden die Spenden eingesetzt?<\/span><\/p>\n\n\n\n<p>Vorgefertigte <a href=\"https:\/\/www.savethechildren.de\/unterstuetzen\/nothilfe\/spenden-corona-krise\">Spendenbeitr\u00e4ge<\/a> beinhalten 53 \u20ac f\u00fcr Kinderschutz, 88 \u20ac f\u00fcr Hygienesets und 127 \u20ac f\u00fcr Gesundheitshelfer. Hierbei gibt Save The Children ebenfalls Beispiele an, was mit diesen Spenden finanziert werden kann:<\/p>\n\n\n\n<p><strong>Kinderschutz<\/strong><br>&nbsp;&nbsp;&nbsp;&nbsp;&nbsp;&nbsp;&nbsp;&nbsp;&nbsp;&nbsp; Unterst\u00fctzung von zwei schutzbed\u00fcrftigen Kindern<br><strong>Hygienesets <\/strong>&nbsp;&nbsp;&nbsp;&nbsp;&nbsp;&nbsp;&nbsp;&nbsp;<br>&nbsp;&nbsp; Ausstattung von sechs Familien mit Seife und Waschmittel<br><strong>Gesundheitshelfer<\/strong><br>Ausbildung der \u00fcber Corona aufkl\u00e4renden Gesundheitshelfer<\/p>\n\n\n\n<p>Alternativ zu den Beispielbeitr\u00e4gen kann nat\u00fcrlich auch ein eigener Betrag eingegeben werde.<\/p>\n\n\n\n<p><\/p>\n\n\n\n<p><strong><a href=\"https:\/\/www.savethechildren.de\/news\/corona-in-syrien-save-the-children-fordert-rueckfuehrungen-aus-al-hol\">Aktuelle Aufforderung<\/a> an die Heimatl\u00e4nder Gefl\u00fcchteter in Al Hol<\/strong><\/p>\n\n\n\n<p>Save The Children setzt sich f\u00fcr R\u00fcckholaktion aus Fl\u00fcchtlingslager ein.<br>Was sich im ersten Moment unm\u00f6glich anh\u00f6rt, h\u00e4lt sie nicht davon ab es zu fordern. Alle Heimatl\u00e4nder, der in <a href=\"https:\/\/www.bbc.com\/news\/world-middle-east-47867673\">Al Hol<\/a> (Fl\u00fcchtlingslager in Nordostsyrien) lebenden Kinder und ihrer Familien, werden dazu aufgefordert der UN-Kinderrechtskonvention nachzukommen und ihre Landsleute wieder aufzunehmen, entsprechend zu unterst\u00fctzen und zu sch\u00fctzen. Die Evakuierung von mehr als 7000 Kindern wird gefordert, laut Save The Children seien sie nicht nur physischen, sondern auch psychischen gesundheitlichen Risiken ausgesetzt. Zudem sei es durch die menschenunw\u00fcrdigen Zust\u00e4nde des Fl\u00fcchtlingslagers weder m\u00f6glich Abstand zu halten noch, die Kinder, die unter anderem an Unterern\u00e4hrung und einem schwachen Immunsystem leiden, ausreichend mit Wasser und den geeigneten Hygienema\u00dfnahmen zu unterst\u00fctzen. In einer Pressemitteilung \u00fcber Al Hol betonen auch <a href=\"https:\/\/www.aerzte-ohne-grenzen.de\/syrien-erster-covid-19-toter\">\u00c4rzte ohne Grenzen<\/a> wie schwierig es dort ist auf die Folgen der Pandemie zu reagieren, vor allem ohne die geeignete medizinische Grundversorgung.<\/p>\n\n\n\n<p><\/p>\n\n\n\n<p><strong>Was sagst du zu all dem? &#8211; Fragen an eine Save The Children Mitarbeiterin<\/strong><\/p>\n\n\n\n<p><em>In welchem Bereich bist du t\u00e4tig?<\/em><br>Ich arbeite im Team digital und bin dort f\u00fcr Social Media Inhalte (mit-) zust\u00e4ndig.<br><br><em>Welche Auswirkungen trafen dich besonders?<\/em><br>Die ver\u00e4nderte Arbeitsumgebung war zuerst eine gro\u00dfe Umstellung. Unter anderem nicht mehr ins B\u00fcro gehen zu k\u00f6nnen und sich einen neuen geeigneten Arbeitsplatz von zu Hause aus einzurichten. Wir als Organisation m\u00fcssen nat\u00fcrliche eine Vorbildfunktion \u00fcbernehmen. Das betrifft nicht nur die Sicherheitsma\u00dfnahmen, wir wollen auch zur Eind\u00e4mmung der Pandemie beitragen, deshalb achten wir sehr besonders darauf.<br><br><em>Wie ver\u00e4nderte sich deine Arbeit?<\/em><br>Meine Arbeit im Speziellen hat sich insofern ver\u00e4ndert, dass wir alle schon geplanten Social Media Inhalte vorerst zur Seite schieben mussten und die Beitr\u00e4ge auf die aktuelle Covid-19 Krise anpassen.<br><br><em>W\u00fcrdest du sagen die ohnehin schon fast unm\u00f6glich zu bew\u00e4ltigenden Notfallsituationen sind nun wirklich unm\u00f6glich geworden?<\/em><br>Es ist auf jeden Fall eine gro\u00dfe Herausforderung, da wir besonders auch denjenigen helfen wollen, die schon benachteiligt sind. Zum Beispiel die Kinder und Familien die in Fl\u00fcchtlingscamps leben. Sie k\u00f6nnen die Hygienema\u00dfnahmen und Abstandsregeln nicht einhalten und haben auch kein sch\u00f6nes Zuhause, in das sie sich f\u00fcr eine Quarant\u00e4ne zur\u00fcckziehen k\u00f6nnten. Gerade diese Familien brauchen Hilfe, um die Krise zu \u00fcberwinden.<br><br><em>Inwiefern trifft die Situation dich pers\u00f6nlich ?<\/em><br>Mich hat die ganze Situation sehr bewegt. Zum einen privat, da mir der Kontakt im B\u00fcro und der Austausch mit den Arbeitskollegen gefehlt hat. Zum anderen bekomme ich durch meine Arbeit mit, wie es ohnehin schon in bestimmten Regionen\/ L\u00e4ndern der Welt aussieht und wie sehr die Kinder leiden. Es ist sehr belastend zu wissen, dass ein Virus, welches schon uns beeintr\u00e4chtigt, auf diese Menschen zukommt und diese noch h\u00e4rter treffen wird.<\/p>\n\n\n\n<p><\/p>\n\n\n\n<p><strong>Was denke ich \u00fcber die Situation? &#8211; Pers\u00f6nliche Meinung<\/strong><br>Die Krise ist f\u00fcr uns alle nicht einfach. Verst\u00e4ndlich. Allerdings sollte man im Hinterkopf behalten, wie viele Menschen auf schlimmste Art und Weise von dem Virus \u00fcberrascht wurden. Vor allem Kinder in Krisengebieten, Fl\u00fcchtlingslagern und sozial schwachen Umgebungen sind von den Auswirkungen betroffen. Sie werden zu Waisen, geh\u00f6ren durch schlechten gesundheitlichen Zustand in jungen Jahren zu Risikogruppen und haben keine Chance sich selbst aus dieser Lage heraus zu helfen. Deswegen ist die Arbeit von NGOs wie Save The Children von \u00e4u\u00dferster Wichtigkeit und sollte unterst\u00fctzt werden. Sei es durch Spenden oder einfach dem Verbreiten ihrer Nachricht an alle:<\/p>\n\n\n\n<p><em>Jedes Kind hat das Recht auf eine Zukunft \u2013 egal wo es geboren wird!<\/em><\/p>\n\n\n\n<p><em>Anmerkung: Da die Nutzungsrechte geeigneter Bilder von Save The Children schwer zu bekommen sind und somit hier nicht verwendet werden k\u00f6nnen, empfehle ich deren Social Media Seiten, z.B. <a href=\"https:\/\/www.instagram.com\/savethechildren\/\">Instagram<\/a>. Dort gibt es immer aktuelle Informationen mit Bild- und Videomaterial.<\/em><\/p>\n\n\n\n<p><\/p>\n\n\n\n<pre class=\"wp-block-preformatted\">*Dieser Beitrag ist im Rahmen des Kurses Krisenmanagement in der globalen Sars-Cov2\/Covid19 Krisen entstanden<\/pre>\n\n\n\n<p><\/p>\n","protected":false},"excerpt":{"rendered":"<p>Krisenmanagement in der globalen Sars-Cov2\/Covid19 Autorin: Cheyenne Schellein Wie sieht es eigentlich in den Fl\u00fcchtlingslagern aus? Was passiert in L\u00e4ndern mit instabiler Regierung, wenn wir uns in Deutschland schon Gedanken \u00fcber die gesundheitliche Versorgung machen? W\u00e4hrend Ebola stand es schon nicht gut um Teile Afrikas, was passiert jetzt, da jeder betroffen ist? Diese Fragen und&hellip; <\/p>\n","protected":false},"author":26,"featured_media":0,"comment_status":"open","ping_status":"open","sticky":false,"template":"","format":"standard","meta":{"jetpack_post_was_ever_published":false,"_jetpack_newsletter_access":"","_jetpack_dont_email_post_to_subs":false,"_jetpack_newsletter_tier_id":0,"_jetpack_memberships_contains_paywalled_content":false,"_jetpack_memberships_contains_paid_content":false,"footnotes":"","jetpack_publicize_message":"","jetpack_publicize_feature_enabled":true,"jetpack_social_post_already_shared":true,"jetpack_social_options":{"image_generator_settings":{"template":"highway","default_image_id":0,"font":"","enabled":false},"version":2}},"categories":[6],"tags":[251,250,263,262],"class_list":["post-6647","post","type-post","status-publish","format-standard","hentry","category-gastbeitrage","tag-corona-2","tag-corona","tag-ngo","tag-savethechildren"],"translation":{"provider":"WPGlobus","version":"3.0.2","language":"en","enabled_languages":["de","en"],"languages":{"de":{"title":true,"content":true,"excerpt":false},"en":{"title":false,"content":false,"excerpt":false}}},"jetpack_publicize_connections":[],"jetpack_featured_media_url":"","jetpack_sharing_enabled":true,"jetpack_shortlink":"https:\/\/wp.me\/p81wMH-1Jd","jetpack_likes_enabled":true,"_links":{"self":[{"href":"http:\/\/www.sofagoesabroad.de\/en\/wp-json\/wp\/v2\/posts\/6647","targetHints":{"allow":["GET"]}}],"collection":[{"href":"http:\/\/www.sofagoesabroad.de\/en\/wp-json\/wp\/v2\/posts"}],"about":[{"href":"http:\/\/www.sofagoesabroad.de\/en\/wp-json\/wp\/v2\/types\/post"}],"author":[{"embeddable":true,"href":"http:\/\/www.sofagoesabroad.de\/en\/wp-json\/wp\/v2\/users\/26"}],"replies":[{"embeddable":true,"href":"http:\/\/www.sofagoesabroad.de\/en\/wp-json\/wp\/v2\/comments?post=6647"}],"version-history":[{"count":2,"href":"http:\/\/www.sofagoesabroad.de\/en\/wp-json\/wp\/v2\/posts\/6647\/revisions"}],"predecessor-version":[{"id":6651,"href":"http:\/\/www.sofagoesabroad.de\/en\/wp-json\/wp\/v2\/posts\/6647\/revisions\/6651"}],"wp:attachment":[{"href":"http:\/\/www.sofagoesabroad.de\/en\/wp-json\/wp\/v2\/media?parent=6647"}],"wp:term":[{"taxonomy":"category","embeddable":true,"href":"http:\/\/www.sofagoesabroad.de\/en\/wp-json\/wp\/v2\/categories?post=6647"},{"taxonomy":"post_tag","embeddable":true,"href":"http:\/\/www.sofagoesabroad.de\/en\/wp-json\/wp\/v2\/tags?post=6647"}],"curies":[{"name":"wp","href":"https:\/\/api.w.org\/{rel}","templated":true}]}}