{"id":6636,"date":"2020-05-26T08:35:00","date_gmt":"2020-05-26T08:35:00","guid":{"rendered":"http:\/\/www.sofagoesabroad.de\/?p=6636"},"modified":"2020-06-07T14:56:26","modified_gmt":"2020-06-07T14:56:26","slug":"offene-grenzen-waehrend-der-pandemie-keine-selbstverstaendlichkeit","status":"publish","type":"post","link":"http:\/\/www.sofagoesabroad.de\/en\/offene-grenzen-waehrend-der-pandemie-keine-selbstverstaendlichkeit\/","title":{"rendered":"Offene Grenzen \u2013 W\u00e4hrend der Pandemie keine Selbstverst\u00e4ndlichkeit"},"content":{"rendered":"\n<p>Am 08. M\u00e4rz wurde in Italien eine allgemeine Ausgangssperre ausgerufen. Gerade einmal f\u00fcnf Stunden zuvor war ich in Padua angekommen, um mein Auslandssemester zu beginnen. Dies bedeutete, dass nicht nur alle Gesch\u00e4fte schlie\u00dfen mussten (abgesehen von Lebensmittelgesch\u00e4ften und Apotheken), sondern auch Italiens Grenzen. Die B\u00fcrger durften nur noch zum Einkaufen, f\u00fcr Arztbesuche oder f\u00fcr die Arbeit das Haus verlassen. Ein komisches Gef\u00fchl, in einer so sch\u00f6nen, jedoch fremden Stadt \u201eeingesperrt\u201c zu sein. Nach wenigen Tagen in Padua entschloss ich mich daher, meine Sachen zu packen und zur\u00fcck nach Deutschland zu kehren, doch dies war durch die Grenzschlie\u00dfungen gar nicht mehr so einfach. Ein Moment, in dem ich realisiert habe, welches Privileg ich habe, dass die L\u00e4nder Teil des Schengener Abkommen sind, und ich die Freiheit genie\u00dfe, mich innerhalb dieser L\u00e4nder so zu bewegen wie ich m\u00f6chte. Doch wie ist dieses Abkommen zustande gekommen und was passiert in einer Ausnahmesituation, wie wir sie heute erleben?<\/p>\n<h3><strong>historische Fakten zu dem Schengener Abkommen:<\/strong><\/h3>\n<p>1985 unterzeichneten die f\u00fcnf europ\u00e4ischen L\u00e4nder Deutschland, Frankreich, Belgien, Niederlande und Luxemburg das <a href=\"https:\/\/www.bundesregierung.de\/breg-de\/service\/schengener-abkommen-615790\">Abkommen von Schengen<\/a>, welches daf\u00fcr sorgte, dass Kontrollen bei Grenz\u00fcberg\u00e4ngen schrittweise abgeschafft werden sollten. Zur Umsetzung dieses Abkommens wurde 1990 zus\u00e4tzlich das Schengener Durchf\u00fchrungs\u00fcbereinkommen (SD\u00dc) unterzeichnet, welches seit 1995 in Kraft ist. Dieses hat viele Vorteile: B\u00fcrger haben durch den Wegfall der Grenzkontrollen innerhalb der Schengen-L\u00e4nder die M\u00f6glichkeit, sich frei zu bewegen, und genie\u00dfen zudem ein gewissen Grad an Sicherheit. Es gibt einem die Freiheit, selbst zu entscheiden, wo und wie lange man sich in dem jeweiligen Land aufhalten m\u00f6chte (Drittstaatsangeh\u00f6rige d\u00fcrfen sich <a href=\"https:\/\/www.auswaertiges-amt.de\/de\/service\/visa-und-aufenthalt\/schengen\/207786#content_1\">max. 90 Tage pro Halbjahr<\/a> mit g\u00fcltigen Schengen-Visum im Schengen-Bereich aufhalten). Au\u00dferdem wird eine gemeinsame Asyl- und Sicherheitspolitik verfolgt. Das Abkommen ist seit 1999 durch den Vertrag von Amsterdam mit in den einheitlichen institutionellen Rahmen der Union einbezogen worden, weshalb heutzutage 26 L\u00e4nder an dem Abkommen beteiligt sind.<\/p>\n<p>Diese Freiheit, die man genie\u00dft, Grenzen ohne Kontrollen und Probleme zu \u00fcberschreiten nimmt man erst wahr, wenn man das Gegenteil erleben muss.<\/p>\n<p>Nachdem \u00d6sterreich als erster EU-Staat seine Grenzen zu Italien geschlossen hatte, und somit die Schengen-Regelung wegen Corona au\u00dfer Kraft gesetzt hat, war es nicht mehr m\u00f6glich, ohne Weiteres nach Deutschland zu gelangen.<\/p>\n<h3><strong>Wie regelt das Abkommen Ausnahmesituationen?<\/strong><\/h3>\n<p>Wird eine ernsthafte Bedrohung der \u00f6ffentlichen Ordnung oder inneren Sicherheit festgestellt, so gibt der \u201e<a href=\"https:\/\/eur-lex.europa.eu\/legal-content\/DE\/TXT\/PDF\/?uri=CELEX:32016R0399&amp;from=DE\">Schengener Grenzkodex<\/a>\u201c (codified SBC) den Mitgliedstaaten die M\u00f6glichkeit, vor\u00fcbergehend wieder Grenzkontrollen an den Binnengrenzen einzuf\u00fchren. Die Europ\u00e4ische Kommission kann Stellungnahme dazu beziehen, jedoch kein Veto gegen diese Entscheidung einlegen, wenn ein Mitgliedstaat diese trifft. Wichtig ist jedoch, dass die Wiedereinf\u00fchrung von Grenzen eine Ausnahme bleibt und das Prinzip der <a href=\"https:\/\/ec.europa.eu\/regional_policy\/de\/policy\/what\/glossary\/p\/proportionality\">Verh\u00e4ltnism\u00e4\u00dfigkeit<\/a> bewahrt wird. Dies bedeutet, dass die Europ\u00e4ische Union (EU) nur die erforderlichen Ma\u00dfnahmen ergreifen soll, um ihre Ziele zu erreichen.<\/p>\n<p>Werden Grenzkontrollen an Binnengrenzen wieder eingef\u00fchrt, muss das Land au\u00dferdem beachten, dass der Umfang und die Dauer dieses Vorgehens auf das absolute Minimum beschr\u00e4nkt sind. Zudem besagt der Grenzkodex, dass dieser Schritt immer nur als <a href=\"https:\/\/ec.europa.eu\/home-affairs\/what-we-do\/policies\/borders-and-visas\/schengen\/reintroduction-border-control_en\">letztes Mittel<\/a> eingesetzt werden sollte.<\/p>\n<h3><strong>Innerhalb des Schengener Grenzkodex gibt es mehrere Unterscheidungen:<\/strong><\/h3>\n<ul>\n<li>Vorhersehbare F\u00e4lle (Art. 25 u. 26 codified SBC):<\/li>\n<\/ul>\n<p>Bedarf es Grenzkontrollen aufgrund eines vorhersehbaren Ereignisses (z.B. Sportevent), kann dies f\u00fcr max. 30 Tage eingef\u00fchrt werden bzw. so lange wie die Situation es erfordert, jedoch h\u00f6chstens sechs Monate.\u00a0 Das jeweilige Land muss mindestens vier Wochen vorher die Mitgliedsl\u00e4nder und die Kommission \u00fcber die Grenzkontrollen informieren.<\/p>\n<ul>\n<li>Ereignisse, die sofortiges Handeln erfordern (Art. 28 codified SBC)<\/li>\n<\/ul>\n<p>Ein Mitgliedsstaat kann ohne vorherige Ank\u00fcndigungen Grenzkontrollen einf\u00fchren, wenn sofortige Ma\u00dfnahmen ergriffen werden m\u00fcssen (z.B. Corona-Virus, Migrationsbewegung), um die interne Sicherheit und \u00f6ffentliche Ordnung zu gew\u00e4hrleisten. Auch hier m\u00fcssen Mitgliedsl\u00e4nder und Kommission unverz\u00fcglich benachrichtigt werden.<\/p>\n<ul>\n<li>Ereignisse, bei denen au\u00dfergew\u00f6hnliche Umst\u00e4nde das gesamte Funktionieren des Schengen-Raums gef\u00e4hrden (Art. 29 codified SBC)<\/li>\n<\/ul>\n<p>Sollte die Funktionalit\u00e4t des Schengen-Raums insgesamt gef\u00e4hrdet sein und eine Bedrohung f\u00fcr die innere Sicherheit sowie die \u00f6ffentliche Ordnung bestehen, so kann der Rat auf der Grundlage eines Vorschlags der Kommission empfehlen, dass ein oder mehrere Mitgliedstaaten beschlie\u00dfen, an allen ihren Binnengrenzen oder an bestimmten Teilen davon wieder Grenzkontrollen einzuf\u00fchren. Dies wird jedoch nur als letztes Mittel zum Schutz ausgesprochen, wenn vorherige Artikel des Schengener Grenzkodex unzureichend sind. Zur Durchf\u00fchrung dieser Ma\u00dfnahme muss zuerst ein Evaluierungsbericht ausgef\u00fchrt werden.<\/p>\n<p>Als deutsche Staatsb\u00fcrgerin mit Wohnsitz in Deutschland war es f\u00fcr mich kein Problem zur\u00fcckzukehren. Mein gro\u00dfes Gl\u00fcck: ich hatte ein Auto, um nach Hause zu gelangen. An der \u00f6sterreichischen Grenze wurden lediglich die Personalien aufgenommen und die Temperatur jedes Fahrgastes gemessen (dabei war ich zugegebenerma\u00dfen sehr aufgeregt, denn ich wollte wieder zur\u00fcck nach Hause). Zudem musste ich eine Erkl\u00e4rung unterschreiben, dass ich in \u00d6sterreich nicht halten, sondern nur durchfahren w\u00fcrde.<\/p>\n<p>F\u00fcr den grenz\u00fcberschreitenden Warenverkehr sowie f\u00fcr Berufspendler war und ist es weiterhin <a href=\"https:\/\/www.auswaertiges-amt.de\/de\/aussenpolitik\/laender\/oesterreich-node\/oesterreichsicherheit\/210962\">erlaubt<\/a>, die Grenzen zu \u00fcberqueren. Das gilt auch f\u00fcr Personen, die ein \u00e4rztliches Zeugnis vorweisen k\u00f6nnen, welches nicht \u00e4lter als 4 Tage ist.<\/p>\n<p>Wann die Grenzen innerhalb Europas wieder ge\u00f6ffnet werden ist noch unklar. \u00d6sterreich m\u00f6chte die Grenzen zu Italien <a href=\"https:\/\/kurier.at\/politik\/inland\/urlaub-in-italien-kurz-sieht-basis-derzeit-nicht-gegeben\/400840628\">vorerst geschlossen<\/a> halten, da die Anzahl der Corona-Infizierten in diesem Land noch zu hoch ist.<\/p>\n<p>Mein Fazit: eine kurze, jedoch pr\u00e4gende Zeit im Ausland, die mir verdeutlicht hat, wie viele Vorteile das Schengen-Abkommen mit sich bringt und wie selbstverst\u00e4ndlich es f\u00fcr meine Generation geworden ist, Grenzen jederzeit und ohne Kontrollen zu \u00fcberschreiten.<\/p>\n<p>Autorin: Clara Lehnert<\/p>\n<pre class=\"wp-block-preformatted\">*Dieser Beitrag ist im Rahmen des Kurses Krisenmanagement in der globalen Sars-Cov2\/Covid19 Krisen entstanden<\/pre>\n","protected":false},"excerpt":{"rendered":"","protected":false},"author":26,"featured_media":6637,"comment_status":"open","ping_status":"open","sticky":false,"template":"","format":"standard","meta":{"jetpack_post_was_ever_published":false,"_jetpack_newsletter_access":"","_jetpack_dont_email_post_to_subs":false,"_jetpack_newsletter_tier_id":0,"_jetpack_memberships_contains_paywalled_content":false,"_jetpack_memberships_contains_paid_content":false,"footnotes":"","jetpack_publicize_message":"","jetpack_publicize_feature_enabled":true,"jetpack_social_post_already_shared":true,"jetpack_social_options":{"image_generator_settings":{"template":"highway","default_image_id":0,"font":"","enabled":false},"version":2}},"categories":[3,6,160],"tags":[251,260],"class_list":["post-6636","post","type-post","status-publish","format-standard","has-post-thumbnail","hentry","category-fernweh","category-gastbeitrage","category-politisches","tag-corona-2","tag-grenzen"],"translation":{"provider":"WPGlobus","version":"3.0.2","language":"en","enabled_languages":["de","en"],"languages":{"de":{"title":true,"content":true,"excerpt":false},"en":{"title":false,"content":false,"excerpt":false}}},"jetpack_publicize_connections":[],"jetpack_featured_media_url":"https:\/\/i0.wp.com\/www.sofagoesabroad.de\/wp-content\/uploads\/2020\/05\/clara.jpg?fit=1880%2C1057","jetpack_sharing_enabled":true,"jetpack_shortlink":"https:\/\/wp.me\/p81wMH-1J2","jetpack_likes_enabled":true,"_links":{"self":[{"href":"http:\/\/www.sofagoesabroad.de\/en\/wp-json\/wp\/v2\/posts\/6636","targetHints":{"allow":["GET"]}}],"collection":[{"href":"http:\/\/www.sofagoesabroad.de\/en\/wp-json\/wp\/v2\/posts"}],"about":[{"href":"http:\/\/www.sofagoesabroad.de\/en\/wp-json\/wp\/v2\/types\/post"}],"author":[{"embeddable":true,"href":"http:\/\/www.sofagoesabroad.de\/en\/wp-json\/wp\/v2\/users\/26"}],"replies":[{"embeddable":true,"href":"http:\/\/www.sofagoesabroad.de\/en\/wp-json\/wp\/v2\/comments?post=6636"}],"version-history":[{"count":2,"href":"http:\/\/www.sofagoesabroad.de\/en\/wp-json\/wp\/v2\/posts\/6636\/revisions"}],"predecessor-version":[{"id":6682,"href":"http:\/\/www.sofagoesabroad.de\/en\/wp-json\/wp\/v2\/posts\/6636\/revisions\/6682"}],"wp:featuredmedia":[{"embeddable":true,"href":"http:\/\/www.sofagoesabroad.de\/en\/wp-json\/wp\/v2\/media\/6637"}],"wp:attachment":[{"href":"http:\/\/www.sofagoesabroad.de\/en\/wp-json\/wp\/v2\/media?parent=6636"}],"wp:term":[{"taxonomy":"category","embeddable":true,"href":"http:\/\/www.sofagoesabroad.de\/en\/wp-json\/wp\/v2\/categories?post=6636"},{"taxonomy":"post_tag","embeddable":true,"href":"http:\/\/www.sofagoesabroad.de\/en\/wp-json\/wp\/v2\/tags?post=6636"}],"curies":[{"name":"wp","href":"https:\/\/api.w.org\/{rel}","templated":true}]}}