{"id":6587,"date":"2020-05-12T12:00:41","date_gmt":"2020-05-12T12:00:41","guid":{"rendered":"http:\/\/www.sofagoesabroad.de\/?p=6587"},"modified":"2020-05-15T10:32:42","modified_gmt":"2020-05-15T10:32:42","slug":"covid-19-krisenmanagement-der-us-regierung-eindruecke-aus-san-diego","status":"publish","type":"post","link":"http:\/\/www.sofagoesabroad.de\/en\/covid-19-krisenmanagement-der-us-regierung-eindruecke-aus-san-diego\/","title":{"rendered":"Covid-19 Krisenmanagement der US-Regierung &#8211; Eindr\u00fccke aus San Diego"},"content":{"rendered":"\n<p><em>Krisenmanagement in der globalen Sars-Cov2\/ Covid 19<br>Autor: Andreas Burkhard<\/em><\/p>\n\n\n\n<p>Seit Mitte Januar befinde ich mich f\u00fcr mein Auslandssemester an der San Diego State University in den USA. Insbesondere in meinem East Asian Politics Kurs war Corona von Beginn an Thema Nummer 1. Unser chinesischer Professor liefert zu Beginn der Pandemie sehr interessante Einblicke und Hintergrundinformationen zur Situation in China. Trotzdem wird es bis Mitte M\u00e4rz kaum Auswirkungen auf unseren Alltag geben.<\/p>\n\n\n\n<p>Aber der Reihe nach: Am 21. Januar wird in den USA, genau wie in S\u00fcdkorea, der erste Infizierte festgestellt. Die folgenden sechs Wochen verlaufen in den beiden L\u00e4ndern allerdings denkbar <a href=\"https:\/\/www.theguardian.com\/us-news\/2020\/mar\/28\/trump-coronavirus-politics-us-health-disaster\">unterschiedlich<\/a>. W\u00e4hrend in S\u00fcdkorea innerhalb kurzer Zeit ein zuverl\u00e4ssiger Test entwickelt wird und erste Ma\u00dfnahmen zur Eind\u00e4mmung des Virus getroffen werden, gibt es in den Vereinigten Staaten gro\u00dfe Probleme bei der Entwicklung eines funktionsf\u00e4higen Tests. Labore d\u00fcrfen diese zu Beginn nicht eigenst\u00e4ndig durchf\u00fchren und die Regierung in Washington ist damit besch\u00e4ftigt die Gefahren des Virus herunterzuspielen und abzulenken. Allen voran nat\u00fcrlich <a href=\"https:\/\/www.npr.org\/2020\/04\/21\/837348551\/timeline-what-trump-has-said-and-done-about-the-coronavirus\">der Pr\u00e4sident h\u00f6chstpers\u00f6nlich<\/a>. Noch am 24. Februar \u00e4u\u00dfert sich Donald Trump auf Twitter so: \u201eThe Coronavirus is very much under control in the USA.\u201d Zu diesem Zeitpunkt gibt es 51 best\u00e4tigte F\u00e4lle.<\/p>\n\n\n\n<p>Wie die New York Times <a href=\"https:\/\/www.nytimes.com\/2020\/04\/11\/us\/politics\/coronavirus-trump-response.html?searchResultPosition=1\">berichtet<\/a>, wurden bereits Ende Januar eindringliche Warnungen von hochrangigen Offiziellen an Trump herangetragen, darunter von Gesundheitsminister Alex Azar und Handelsberater Peter Navarro. Auch gab es bereits im November 2019 erste <a href=\"https:\/\/thehill.com\/policy\/national-security\/intelligence\/491712-us-intelligence-warned-in-november-that-virus-spreading\">geheimdienstliche Erkenntnisse<\/a>, die auf eine potenzielle Gefahr schlie\u00dfen lassen konnten und dem Wei\u00dfen Haus mitgeteilt wurden.<\/p>\n\n\n\n<p>Spulen wir vor zum 7. M\u00e4rz: Unser Wochenendtrip nach Mexiko verl\u00e4uft nicht ganz wie geplant. In einem Nachtclub werden direkt neben uns zwei Menschen erschossen und vier weitere verletzt. Wir sind froh am Leben zu sein und machen uns am n\u00e4chsten Tag auf den Weg nach Tijuana, der gef\u00e4hrlichsten Stadt der Welt. Nach feiern ist uns allerdings nicht mehr zumute. Zur\u00fcck in San Diego bin ich mir sicher, dass mich demn\u00e4chst nichts mehr so schnell beeindrucken wird. Da mich die Entwicklungen der n\u00e4chsten Wochen schnell eines Besseren belehren, ist die Schie\u00dferei erstaunlich schnell vergessen und Mexiko bleibt mir gl\u00fccklicherweise als wundersch\u00f6nes Land mit freundlichen Einwohnern und leckerem Essen in Erinnerung.<\/p>\n\n\n\n<p>Ab Mitte M\u00e4rz \u00fcberschlagen sich die Ereignisse. Bereits am 13. M\u00e4rz wird der Campus meiner Uni geschlossen, am 16. M\u00e4rz verh\u00e4ngt San Francisco die ersten Ausgangsbeschr\u00e4nkungen und am 19. M\u00e4rz zieht Gouverneur Gavin Newsom nach und verk\u00fcndet eine \u201eshelter in place\u201c order f\u00fcr ganz Kalifornien. Der Gro\u00dfteil der internationalen Studierenden verl\u00e4sst fluchtartig das Land. Nachdem man das Herunterspielen und Leugnen der Krise durch die US-Regierung w\u00e4hrend der vergangenen zwei Monate live mitverfolgen konnte, d\u00fcrfte vielen bewusst gewesen sein, dass Covid-19 in den USA einen schlimmen Verlauf nehmen k\u00f6nnte.<\/p>\n\n\n\n<p>Doch selbst am 24. M\u00e4rz ist sich Donald Trump der Ausma\u00dfe der Krise noch nicht vollst\u00e4ndig bewusst. An Ostern w\u00fcrde er sich \u00fcber volle Kirchen freuen, <a href=\"https:\/\/www.npr.org\/2020\/04\/21\/837348551\/timeline-what-trump-has-said-and-done-about-the-coronavirus\">twittert er<\/a>. Zu diesem Zeitpunkt gibt es 53.736 F\u00e4lle und 706 Tote.<\/p>\n\n\n\n<p>Als mein Mitbewohner Anfang April Symptome entwickelt, wird er von seinem Arbeitgeber nach Hause geschickt und darf erst wiederkommen, wenn er einen negativen Test vorweisen kann (Cannabisl\u00e4den gelten in Kalifornien als essential). Zu diesem Zeitpunkt ist es praktisch unm\u00f6glich einen solchen zu bekommen, solange man kein Fieber vorweisen kann. Eine Woche sp\u00e4ter fahre ich ihn in die Notaufnahme, er hat Schwierigkeiten beim Atmen und wird nun doch getestet. Nach einer weiteren langen Woche des Wartens erh\u00e4lt er das Ergebnis: negativ. Mittlerweile kam auch eine Rechnung \u00fcber 3000 $. Millionen Amerikaner gehen aus genau diesem Grund gar nicht erst ins Krankenhaus. <a href=\"https:\/\/www.census.gov\/library\/publications\/2019\/demo\/p60-267.html\">28,5 Millionen Menschen<\/a> verf\u00fcgen hierzulande \u00fcber keine Krankenversicherung. Einen teuren Test k\u00f6nnen sie sich schlicht nicht leisten, geschweige denn die Kosten eines l\u00e4ngeren Krankenhausaufenthaltes. Schnell droht in den teuren St\u00e4dten Kaliforniens die Obdachlosigkeit. Mittlerweile haben sich \u00fcber 30 Millionen Amerikaner arbeitslos gemeldet. Wie die <a href=\"https:\/\/www.nytimes.com\/2020\/04\/30\/business\/economy\/coronavirus-unemployment-claims.html\">Grafik<\/a> zeigt ein historischer Wert, neben dem die Finanzkrise von 2008 verblasst.<\/p>\n\n\n\n<figure class=\"wp-block-image size-large\"><img data-recalc-dims=\"1\" loading=\"lazy\" decoding=\"async\" width=\"598\" height=\"298\" data-attachment-id=\"6589\" data-permalink=\"http:\/\/www.sofagoesabroad.de\/en\/covid-19-krisenmanagement-der-us-regierung-eindruecke-aus-san-diego\/image-6-2\/\" data-orig-file=\"https:\/\/i0.wp.com\/www.sofagoesabroad.de\/wp-content\/uploads\/2020\/05\/image-6.png?fit=598%2C298\" data-orig-size=\"598,298\" data-comments-opened=\"1\" data-image-meta=\"{&quot;aperture&quot;:&quot;0&quot;,&quot;credit&quot;:&quot;&quot;,&quot;camera&quot;:&quot;&quot;,&quot;caption&quot;:&quot;&quot;,&quot;created_timestamp&quot;:&quot;0&quot;,&quot;copyright&quot;:&quot;&quot;,&quot;focal_length&quot;:&quot;0&quot;,&quot;iso&quot;:&quot;0&quot;,&quot;shutter_speed&quot;:&quot;0&quot;,&quot;title&quot;:&quot;&quot;,&quot;orientation&quot;:&quot;0&quot;}\" data-image-title=\"image-6\" data-image-description=\"\" data-image-caption=\"\" data-large-file=\"https:\/\/i0.wp.com\/www.sofagoesabroad.de\/wp-content\/uploads\/2020\/05\/image-6.png?fit=598%2C298\" src=\"https:\/\/i0.wp.com\/www.sofagoesabroad.de\/wp-content\/uploads\/2020\/05\/image-6.png?resize=598%2C298\" alt=\"\" class=\"wp-image-6589\" srcset=\"https:\/\/i0.wp.com\/www.sofagoesabroad.de\/wp-content\/uploads\/2020\/05\/image-6.png?w=598 598w, https:\/\/i0.wp.com\/www.sofagoesabroad.de\/wp-content\/uploads\/2020\/05\/image-6.png?resize=300%2C149 300w\" sizes=\"auto, (max-width: 598px) 100vw, 598px\" \/><figcaption><a href=\"https:\/\/www.nytimes.com\/2020\/04\/30\/business\/economy\/coronavirus-unemployment-claims.html\">https:\/\/www.nytimes.com\/2020\/04\/30\/business\/economy\/coronavirus-unemployment-claims.html<\/a><br><\/figcaption><\/figure>\n\n\n\n<p>Besonders die fehlende F\u00fchrung und Vorbereitung der Bundesregierung d\u00fcrften zur aktuellen Lage ma\u00dfgeblich beigetragen haben. Gouverneure reagieren zunehmend mit eigenen Initiativen und Ma\u00dfnahmen. So schickten Kalifornien und Oregon nicht ben\u00f6tigte Beatmungsger\u00e4te nach New York und sowohl Staaten der Ostk\u00fcste als auch der Westk\u00fcste bilden <a href=\"https:\/\/www.wired.com\/story\/state-alliances-are-leading-the-us-fight-against-covid-19\/\">Allianzen<\/a>, um die Krise gemeinsam in den Begriff zu bekommen. Auf Hilfe durch die Regierung in Washington m\u00f6chte sich hier niemand mehr verlassen. Mittlerweile haben sich auch Nevada und Colorado angeschlossen. Eines haben fast alle diese Staaten gemeinsam: demokratische Gouverneure. Doch selbst Staaten unter republikanischer F\u00fchrung wie Maryland bleibt nichts anderes \u00fcbrig, als auf eigene Faust hunderttausende Tests in S\u00fcdkorea zu bestellen.<\/p>\n\n\n\n<p>Als ich diesen Artikel am 01. Mai verfasse gibt es in den <a href=\"https:\/\/www.nytimes.com\/interactive\/2020\/us\/coronavirus-us-cases.html\">Vereinigten Staaten<\/a> 1,1 Mio. best\u00e4tigte F\u00e4lle und \u00fcber 64.000 Tote. Ich bin froh in Kalifornien zu sein, wo der Gouverneur und viele B\u00fcrgermeister nach anf\u00e4nglichen Schwierigkeiten beim Testen mittlerweile herausragende Arbeit leisten und die Quoten sogar unter den Werten Deutschlands liegen. So kann ich das Leben in der wohl sch\u00f6nsten Stadt Amerikas weiterhin genie\u00dfen und das Semester gut \u00fcber die B\u00fchne bringen.<\/p>\n\n\n\n<pre class=\"wp-block-preformatted\">*Dieser Beitrag ist im Rahmen des Kurses Krisenmanagement in der globalen Sars-Cov2\/ Covid 19 entstanden.<\/pre>\n","protected":false},"excerpt":{"rendered":"<p>Krisenmanagement in der globalen Sars-Cov2\/ Covid 19Autor: Andreas Burkhard Seit Mitte Januar befinde ich mich f\u00fcr mein Auslandssemester an der San Diego State University in den USA. Insbesondere in meinem East Asian Politics Kurs war Corona von Beginn an Thema Nummer 1. Unser chinesischer Professor liefert zu Beginn der Pandemie sehr interessante Einblicke und Hintergrundinformationen&hellip; <\/p>\n","protected":false},"author":26,"featured_media":0,"comment_status":"open","ping_status":"open","sticky":false,"template":"","format":"standard","meta":{"jetpack_post_was_ever_published":false,"_jetpack_newsletter_access":"","_jetpack_dont_email_post_to_subs":false,"_jetpack_newsletter_tier_id":0,"_jetpack_memberships_contains_paywalled_content":false,"_jetpack_memberships_contains_paid_content":false,"footnotes":"","jetpack_publicize_message":"","jetpack_publicize_feature_enabled":true,"jetpack_social_post_already_shared":true,"jetpack_social_options":{"image_generator_settings":{"template":"highway","default_image_id":0,"font":"","enabled":false},"version":2}},"categories":[6,160],"tags":[251,250,256,85,132],"class_list":["post-6587","post","type-post","status-publish","format-standard","hentry","category-gastbeitrage","category-politisches","tag-corona-2","tag-corona","tag-eindruecke","tag-politik","tag-usa"],"translation":{"provider":"WPGlobus","version":"3.0.2","language":"en","enabled_languages":["de","en"],"languages":{"de":{"title":true,"content":true,"excerpt":false},"en":{"title":false,"content":false,"excerpt":false}}},"jetpack_publicize_connections":[],"jetpack_featured_media_url":"","jetpack_sharing_enabled":true,"jetpack_shortlink":"https:\/\/wp.me\/p81wMH-1If","jetpack_likes_enabled":true,"_links":{"self":[{"href":"http:\/\/www.sofagoesabroad.de\/en\/wp-json\/wp\/v2\/posts\/6587","targetHints":{"allow":["GET"]}}],"collection":[{"href":"http:\/\/www.sofagoesabroad.de\/en\/wp-json\/wp\/v2\/posts"}],"about":[{"href":"http:\/\/www.sofagoesabroad.de\/en\/wp-json\/wp\/v2\/types\/post"}],"author":[{"embeddable":true,"href":"http:\/\/www.sofagoesabroad.de\/en\/wp-json\/wp\/v2\/users\/26"}],"replies":[{"embeddable":true,"href":"http:\/\/www.sofagoesabroad.de\/en\/wp-json\/wp\/v2\/comments?post=6587"}],"version-history":[{"count":4,"href":"http:\/\/www.sofagoesabroad.de\/en\/wp-json\/wp\/v2\/posts\/6587\/revisions"}],"predecessor-version":[{"id":6612,"href":"http:\/\/www.sofagoesabroad.de\/en\/wp-json\/wp\/v2\/posts\/6587\/revisions\/6612"}],"wp:attachment":[{"href":"http:\/\/www.sofagoesabroad.de\/en\/wp-json\/wp\/v2\/media?parent=6587"}],"wp:term":[{"taxonomy":"category","embeddable":true,"href":"http:\/\/www.sofagoesabroad.de\/en\/wp-json\/wp\/v2\/categories?post=6587"},{"taxonomy":"post_tag","embeddable":true,"href":"http:\/\/www.sofagoesabroad.de\/en\/wp-json\/wp\/v2\/tags?post=6587"}],"curies":[{"name":"wp","href":"https:\/\/api.w.org\/{rel}","templated":true}]}}