{"id":6583,"date":"2020-05-10T10:55:43","date_gmt":"2020-05-10T10:55:43","guid":{"rendered":"http:\/\/www.sofagoesabroad.de\/?p=6583"},"modified":"2020-05-10T16:08:15","modified_gmt":"2020-05-10T16:08:15","slug":"wissenschaftskommunikation-in-der-covid-19-krise","status":"publish","type":"post","link":"http:\/\/www.sofagoesabroad.de\/en\/wissenschaftskommunikation-in-der-covid-19-krise\/","title":{"rendered":"Wissenschaftskommunikation in der Covid-19 Krise"},"content":{"rendered":"\n<p><span style=\"font-weight: 400;\">Die Einschaltquoten f\u00fcr ARD, ZDF und Co. sind im letzten Monat stark angestiegen \u2013 die <a href=\"https:\/\/meedia.de\/2020\/03\/16\/wegen-coronavirus-wahnsinns-quoten-fuer-tagesschau-anne-will-heute-und-einige-andere-reihenweise-jahresrekorde\/\">Tagesschau<\/a> im Ersten erreichte kurz vor Beginn der Ausgangsbeschr\u00e4nkungen so viele Menschen wie schon seit der Fu\u00dfball-WM 2018 nicht mehr.<\/span><span style=\"font-weight: 400;\"> Doch im Gegensatz zu damals ist es gerade jetzt in der Covid-19 Krise wichtig, gut informiert zu sein. Vor allem m\u00fcssen wissenschaftliche Erkenntnisse im Zusammenhang mit dem neuen Coronavirus kommuniziert werden. Im Zeitalter des Internets sind die Informationsquellen zwar vielf\u00e4ltig \u2013\u00a0 aber nicht immer seri\u00f6s.<\/span><\/p>\n<h3><b>Bedeutung der Wissenschaftskommunikation in der Covid-19 Krise<\/b><\/h3>\n<p><span style=\"font-weight: 400;\">Im normalen Alltag k\u00f6nnen sich Journalistinnen und Journalisten einer Vielzahl an Recherchemethoden und Quellen bedienen. In der Covid-19 Krise gibt es jedoch nur wenige Menschen und Institutionen, die als verl\u00e4ssliche Quellen Informationen liefern k\u00f6nnen. Um <a href=\"https:\/\/www.presserat.de\/presse-nachrichten-details\/corona-krise-keine-einschr%C3%A4nkungen-journalistischer-recherche.html\">gute Informationen<\/a> an die \u00d6ffentlichkeit weiterzuleiten, ist es daher vor allem wichtig, dass Journalisten ihre Recherchen durchf\u00fchren k\u00f6nnen.<\/span><\/p>\n<p><span style=\"font-weight: 400;\">Warum ist es \u00fcberhaupt wichtig, die Bev\u00f6lkerung \u00fcber wissenschaftliche Erkenntnisse zu informieren? Um den Ausgangsbeschr\u00e4nkungen Folge leisten zu k\u00f6nnen und zu wollen, muss die allgemeine Bev\u00f6lkerung hinreichend informiert werden und vor allem wissenschaftliche Zusammenh\u00e4nge und damit die Notwendigkeit der Ma\u00dfnahmen verstehen. Die Medien reagieren kreativ: auf verschiedenen Internetseiten werden Informationen und weiterf\u00fchrende Links zum Thema Coronavirus bereitgestellt (siehe Abb.1, Abb. 2). Mit Live-Tickern und Corona-Spezial Sendungen im Netz und offline reagieren auch Rundfunk und Fernsehen auf die erh\u00f6hte Nachfrage.<\/span><\/p>\n\n\n\n<div class=\"wp-block-image\"><figure class=\"aligncenter size-large\"><img data-recalc-dims=\"1\" loading=\"lazy\" decoding=\"async\" width=\"790\" height=\"462\" data-attachment-id=\"6586\" data-permalink=\"http:\/\/www.sofagoesabroad.de\/en\/wissenschaftskommunikation-in-der-covid-19-krise\/bild1-2\/\" data-orig-file=\"https:\/\/i0.wp.com\/www.sofagoesabroad.de\/wp-content\/uploads\/2020\/05\/bild1-1.jpg?fit=907%2C530\" data-orig-size=\"907,530\" data-comments-opened=\"1\" data-image-meta=\"{&quot;aperture&quot;:&quot;0&quot;,&quot;credit&quot;:&quot;&quot;,&quot;camera&quot;:&quot;&quot;,&quot;caption&quot;:&quot;&quot;,&quot;created_timestamp&quot;:&quot;0&quot;,&quot;copyright&quot;:&quot;&quot;,&quot;focal_length&quot;:&quot;0&quot;,&quot;iso&quot;:&quot;0&quot;,&quot;shutter_speed&quot;:&quot;0&quot;,&quot;title&quot;:&quot;&quot;,&quot;orientation&quot;:&quot;1&quot;}\" data-image-title=\"bild1\" data-image-description=\"\" data-image-caption=\"\" data-large-file=\"https:\/\/i0.wp.com\/www.sofagoesabroad.de\/wp-content\/uploads\/2020\/05\/bild1-1.jpg?fit=790%2C462\" src=\"https:\/\/i0.wp.com\/www.sofagoesabroad.de\/wp-content\/uploads\/2020\/05\/bild1-1.jpg?resize=790%2C462\" alt=\"\" class=\"wp-image-6586\" srcset=\"https:\/\/i0.wp.com\/www.sofagoesabroad.de\/wp-content\/uploads\/2020\/05\/bild1-1.jpg?w=907 907w, https:\/\/i0.wp.com\/www.sofagoesabroad.de\/wp-content\/uploads\/2020\/05\/bild1-1.jpg?resize=300%2C175 300w, https:\/\/i0.wp.com\/www.sofagoesabroad.de\/wp-content\/uploads\/2020\/05\/bild1-1.jpg?resize=768%2C449 768w\" sizes=\"auto, (max-width: 790px) 100vw, 790px\" \/><figcaption>Abbildung 1: Suchanfrage bei Ecosia<\/figcaption><\/figure><\/div>\n\n\n\n<figure class=\"wp-block-image size-large\"><img data-recalc-dims=\"1\" loading=\"lazy\" decoding=\"async\" width=\"790\" height=\"183\" data-attachment-id=\"6588\" data-permalink=\"http:\/\/www.sofagoesabroad.de\/en\/wissenschaftskommunikation-in-der-covid-19-krise\/2-png\/\" data-orig-file=\"https:\/\/i0.wp.com\/www.sofagoesabroad.de\/wp-content\/uploads\/2020\/05\/2.png.jpg?fit=811%2C188\" data-orig-size=\"811,188\" data-comments-opened=\"1\" data-image-meta=\"{&quot;aperture&quot;:&quot;0&quot;,&quot;credit&quot;:&quot;&quot;,&quot;camera&quot;:&quot;&quot;,&quot;caption&quot;:&quot;&quot;,&quot;created_timestamp&quot;:&quot;1589114297&quot;,&quot;copyright&quot;:&quot;&quot;,&quot;focal_length&quot;:&quot;0&quot;,&quot;iso&quot;:&quot;0&quot;,&quot;shutter_speed&quot;:&quot;0&quot;,&quot;title&quot;:&quot;&quot;,&quot;orientation&quot;:&quot;1&quot;}\" data-image-title=\"2.png\" data-image-description=\"\" data-image-caption=\"\" data-large-file=\"https:\/\/i0.wp.com\/www.sofagoesabroad.de\/wp-content\/uploads\/2020\/05\/2.png.jpg?fit=790%2C183\" src=\"https:\/\/i0.wp.com\/www.sofagoesabroad.de\/wp-content\/uploads\/2020\/05\/2.png.jpg?resize=790%2C183\" alt=\"\" class=\"wp-image-6588\" srcset=\"https:\/\/i0.wp.com\/www.sofagoesabroad.de\/wp-content\/uploads\/2020\/05\/2.png.jpg?w=811 811w, https:\/\/i0.wp.com\/www.sofagoesabroad.de\/wp-content\/uploads\/2020\/05\/2.png.jpg?resize=300%2C70 300w, https:\/\/i0.wp.com\/www.sofagoesabroad.de\/wp-content\/uploads\/2020\/05\/2.png.jpg?resize=768%2C178 768w\" sizes=\"auto, (max-width: 790px) 100vw, 790px\" \/><figcaption>Abbildung 2: Covid-19 Informationsleiste unter einem YouTube Video<\/figcaption><\/figure>\n\n\n\n<h3><b>Pers\u00f6nliche Erfahrungen mit Medien in der Covid-19 Krise<\/b><\/h3>\n<p><span style=\"font-weight: 400;\"><a href=\"https:\/\/www.heise.de\/newsticker\/meldung\/Medienforscher-Corona-Krise-verleiht-Fake-News-hohe-Verbreitung-4692783.html\">Informationsbed\u00fcrftigkeit, Angst und Unsicherheit<\/a> f\u00fchren dazu, dass Informationen schneller verbreitet, unter anderem aber weniger hinterfragt werden.<\/span> <span style=\"font-weight: 400;\">&nbsp;Auf diesem Wege entstehen Fake News und kursieren Verschw\u00f6rungstheorien. Im Messenger-Dienst WhatsApp hat sich beispielsweise ein Kettenbrief mit dem \u201eCorona-Selbsttest\u201c verbreitet: <a href=\"https:\/\/www.br.de\/nachrichten\/deutschland-welt\/vorsicht-bei-selbsttest-tipps-zum-coronavirus,Rt7foyC\">Wer 10 Sekunden lang die Luft anhalten kann ohne zu husten, ist nicht am Coronavirus erkrankt.<\/a><\/span><span style=\"font-weight: 400;\"> Im Familien- und Freundeskreis hatte die Nachricht einige Mitmenschen \u00fcberzeugt. Eine Krankenschwester im Bekanntenkreis kommentierte die Nachricht mit \u201eDas kann ich mir gut vorstellen\u201c. Durch diese vermeintlich \u201ewissen-schaftliche\u201c Validierung und die gef\u00fchlte Allgegenw\u00e4rtigkeit der Nachricht war es \u00fcberraschend schwer, meine Bekannten davon zu \u00fcberzeugen, dass es sich um Fake News handelt.&nbsp;<\/span><\/p>\n<p><span style=\"font-weight: 400;\">Die emotionale Komponente der Corona Krise \u2013 Stress, Angst, Verunsicherung, Existenz\u00e4ngste \u2013 kann sich auf diese Weise auf die Medienkompetenz auswirken. Kommunikation von echter Wissenschaft hat in diesem Fall ebenfalls nicht funktioniert: Der Informationsstand meiner Bekannten bez\u00fcglich der medizinischen Wirkungsweise des Virus war nicht ausreichend, um diese Information als falsch zu erkennen. Mehr als ein Monat sp\u00e4ter stehen mehr gut kommunizierte Informationen zur Verf\u00fcgung, auch Warnungen vor Fake News wurden ausgesprochen.<\/span><span style=\"font-weight: 400;\"> Man kann also hoffen, dass sich dieser Fall nicht wiederholt.<\/span><\/p>\n<h3><b>Was ist Wissenschaftskommunikation?<\/b><\/h3>\n<p><span style=\"font-weight: 400;\">Die Politik ist sich der Bedeutung von Wissenschaftskommunikation bewusst. Im Grundsatzpapier des Bundesministeriums&nbsp; f\u00fcr Bildung und Forschung&nbsp; (BMBF) zur Wissenschaftskommunikation ist folgende Aussage zu finden:&nbsp;<\/span><\/p>\n\n\n\n<blockquote class=\"wp-block-quote is-layout-flow wp-block-quote-is-layout-flow\"><p><em>\u201eDer strategische Schwerpunkt des BMBF in der Wissenschaftskommunikation liegt (\u2026) auf der direkten Kommunikation \u00fcber Wissenschaft und Forschung mit der interessierten und allgemeinen \u00d6ffentlichkeit \u00fcber Vermittlungs-, Dialog- und Beteiligungsformate.\u201c&nbsp;<\/em><\/p><cite><a href=\"https:\/\/www.bmbf.de\/upload_filestore\/pub\/Grundsatzpapier_zur_Wissenschaftskommunikation.pdf\">Grundsatzpapier des Bundesministeriums f\u00fcr Bildung und Forschung zur Wissenschaftskommunikation.<\/a> (Stand: November 2019). Abgerufen am 02. Mai 2020<br><\/cite><\/blockquote>\n\n\n\n<p><span style=\"font-weight: 400;\">In dieser Schrift wird Wissenschaftskommunikation zwischen der Wissenschaft auf der einen und der allgemeinen \u00d6ffentlichkeit, den Medien und der Politik auf der anderen Seite in Bezug auf die Corona-Krise analysiert.<\/span><\/p>\n<h3><b>Wissenschaftskommunikation in der Covid-19 Krise<\/b><\/h3>\n<p><span style=\"font-weight: 400;\">In der Covid-19 Krise m\u00fcssen die Medien komplexe wissenschaftliche Zusammenh\u00e4nge der breiten Bev\u00f6lkerung nahe bringen und Wissenschaftskommunikation meistern.<\/span><span style=\"font-weight: 400;\">5<\/span><span style=\"font-weight: 400;\"> Wissenschaftsjournalistin und <a href=\"https:\/\/www.youtube.com\/watch?v=u439pm8uYSk\">Chemikerin Mai Thi Nguyen-Kim<\/a> weist auf den Unterschied zwischen \u201eWas?\u201c und \u201eWas nun?\u201c (engl. \u201eWhat?\u201c und \u201eSo What?\u201c <\/span><span style=\"font-weight: 400;\">) hin. <\/span><b>Virologen<\/b><span style=\"font-weight: 400;\"> sind Wissenschaftler und als Experten auf ihrem Gebiet vorwiegend am Virus selbst interessiert. Ihr Interesse beschr\u00e4nkt sich somit auf das \u201eWas\u201c.&nbsp;<\/span><\/p>\n<p><span style=\"font-weight: 400;\">Die <\/span><b>breite Bev\u00f6lkerung<\/b><span style=\"font-weight: 400;\"> ist hingegen weniger an der Wissenschaft, als an deren Schlussfolgerungen interessiert. Die B\u00fcrger m\u00f6chten wissen, welche Konsequenzen sie erwarten und \u201ewas nun\u201c konkret auf sie zukommt.<\/span><\/p>\n<p><span style=\"font-weight: 400;\">Den Wissenschaftlern wird gute Wissenschaftskommunikation abverlangt. Sie m\u00fcssen also f\u00e4hig sein, komplexe wissenschaftliche Zusammenh\u00e4nge verst\u00e4ndlich und trotz zwingend fehlender Tiefe korrekt zu erkl\u00e4ren. Von den Journalisten auf der anderen Seite wird erwartet, guten <\/span><b>Wissenschafts-journalismus<\/b><span style=\"font-weight: 400;\"> zu betreiben und insbesondere fachliche Informationen tatsachentreu wiederzugeben.<\/span><\/p>\n<h3><span style=\"font-weight: 400;\">\u201e<\/span><b>Was nun\u201c in der Politik<\/b><\/h3>\n<p><span style=\"font-weight: 400;\">Die weltweit schnelle Ausbreitung der Pandemie spiegelt sich auch in der Geschwindigkeit der <a href=\"https:\/\/www.bundesfinanzministerium.de\/Content\/DE\/Standardartikel\/Themen\/Schlaglichter\/Corona-Schutzschild\/2020-03-13-Milliarden-Schutzschild-fuer-Deutschland.html\">deutschen Politik<\/a>&nbsp;wieder: unter erschwerten Bedingungen muss sie wichtige Entscheidungen im Eiltempo treffen. Der \u201eCorona-Schutzschild\u201c ist mit haushaltswirksamen Ma\u00dfnahmen von etwa 353 Milliarden Euro, Garantien im Wert von etwa 819 Milliarden Euro und einer Neuverschuldung von 156 Milliarden Euro das gr\u00f6\u00dfte Hilfspaket der deutschen Geschichte.<\/span><\/p>\n<p><span style=\"font-weight: 400;\">Die Politik ist, genauso wie die Bev\u00f6lkerung, auf die Wissenschaftler angewiesen, denn deren Erkenntnisse und Prognosen bilden einen der Grundpfeiler <\/span><b>politischer Entscheidungsfindung<\/b><span style=\"font-weight: 400;\"> w\u00e4hrend der Corona-Krise. Hier bleibt offen, wie stark die Einflussnahme der Wissenschaft sein darf und sollte. <a href=\"https:\/\/www.ruhrbarone.de\/prof-dr-christian-drosten-ausgezeichnet-fuer-wissenschaftskommunikation\/183496\">Prof. Dr. Christian Drosten<\/a>, Direktor des Instituts f\u00fcr Virologe der Charit\u00e9 Berlin<\/span><span style=\"font-weight: 400;\">, betont in seinen <a href=\"https:\/\/www.ndr.de\/nachrichten\/info\/podcast4684.html\">Podcasts \u201eCorona-Update\u201c<\/a> des NDRs und in Interviews immer wieder, dass die Wissenschaft nur Informationen liefert, aber keine Handlungsempfehlungen geben sollte.<\/span><span style=\"font-weight: 400;\"> Er argumentiert, dass neben wissenschaftlichen Faktoren unter anderem auch wirtschaftliche und gesundheitliche \u00dcberlegungen eine Rolle spielen und von der Politik gleicherma\u00dfen beachtet werden m\u00fcssen.<\/span><\/p>\n<p><span style=\"font-weight: 400;\">Um die gerade beschriebenen Zusammenh\u00e4nge zwischen Experten, Medien, Politik und der Bev\u00f6lkerung anschaulich zu erl\u00e4utern, folgt eine grafische Darstellung (Abbildung 3).&nbsp;<\/span><\/p>\n<p>&nbsp;<\/p>\n\n\n\n<figure class=\"wp-block-image size-large\"><img loading=\"lazy\" decoding=\"async\" width=\"1197\" height=\"674\" data-attachment-id=\"6593\" data-permalink=\"http:\/\/www.sofagoesabroad.de\/en\/wissenschaftskommunikation-in-der-covid-19-krise\/3-2\/\" data-orig-file=\"https:\/\/i0.wp.com\/www.sofagoesabroad.de\/wp-content\/uploads\/2020\/05\/3.jpg?fit=1197%2C674\" data-orig-size=\"1197,674\" data-comments-opened=\"1\" data-image-meta=\"{&quot;aperture&quot;:&quot;0&quot;,&quot;credit&quot;:&quot;&quot;,&quot;camera&quot;:&quot;&quot;,&quot;caption&quot;:&quot;&quot;,&quot;created_timestamp&quot;:&quot;0&quot;,&quot;copyright&quot;:&quot;&quot;,&quot;focal_length&quot;:&quot;0&quot;,&quot;iso&quot;:&quot;0&quot;,&quot;shutter_speed&quot;:&quot;0&quot;,&quot;title&quot;:&quot;&quot;,&quot;orientation&quot;:&quot;0&quot;}\" data-image-title=\"3\" data-image-description=\"\" data-image-caption=\"\" data-large-file=\"https:\/\/i0.wp.com\/www.sofagoesabroad.de\/wp-content\/uploads\/2020\/05\/3.jpg?fit=790%2C445\" src=\"https:\/\/i1.wp.com\/www.sofagoesabroad.de\/wp-content\/uploads\/2020\/05\/3.jpg?fit=790%2C445\" alt=\"\" class=\"wp-image-6593\" srcset=\"https:\/\/i0.wp.com\/www.sofagoesabroad.de\/wp-content\/uploads\/2020\/05\/3.jpg?w=1197 1197w, https:\/\/i0.wp.com\/www.sofagoesabroad.de\/wp-content\/uploads\/2020\/05\/3.jpg?resize=300%2C169 300w, https:\/\/i0.wp.com\/www.sofagoesabroad.de\/wp-content\/uploads\/2020\/05\/3.jpg?resize=1024%2C577 1024w, https:\/\/i0.wp.com\/www.sofagoesabroad.de\/wp-content\/uploads\/2020\/05\/3.jpg?resize=768%2C432 768w\" sizes=\"auto, (max-width: 790px) 100vw, 790px\" \/><\/figure>\n\n\n\n<p><span style=\"font-weight: 400;\">Wie empfinden die Deutschen die das Krisenmanagement der Bundesregierung? Laut einer <a href=\"https:\/\/de.statista.com\/statistik\/daten\/studie\/1105161\/umfrage\/corona-krise-umfrage-zum-krisenmanagement-der-bundesregierung\/\">Statista-Umfrage<\/a> gab ein Gro\u00dfteil der Befragten an, \u201ezufrieden\u201c (50%) oder \u201esehr zufrieden\u201c (22%) zu sein.<\/span><\/p>\n<p><span style=\"font-weight: 400;\">Es ist zusammenfassend erkennbar, dass die oben genannten Akteure die <\/span><b>Wichtigkeit von Wissenschaftskommunikation<\/b><span style=\"font-weight: 400;\"> in der Covid-19 Krise verstehen und aktiv versuchen, Wissenschaft gut zu kommunizieren. Durch kontinuierliche, zielgerichtete Zusammenarbeit ist es m\u00f6glich, die Wissenschaftskommunikation in Deutschland weiterhin zu verbessern. Wissenschaftler wie Prof. Dr. Drosten bem\u00fchen sich, theoretische Konzepte und praktische Erkenntnisse verst\u00e4ndlich zu erkl\u00e4ren.<\/span><span style=\"font-weight: 400;\">Die Medien m\u00fcssen sich anstrengen, tatsachentreu zu berichten und sachlich relevante Fragen zu stellen.<\/span><span style=\"font-weight: 400;\"> Die deutsche Politik muss weiterhin viele Faktoren in ihre Entscheidungsfindung einflie\u00dfen lassen. Die B\u00fcrger, schlie\u00dflich, sind in der Pflicht, sich ausreichend und selbstst\u00e4ndig zu informieren und so ihren Beitrag zur Wissenschaftskommunikation zu leisten.\u00a0<\/span><\/p>\n<p><span style=\"font-weight: 400;\">Es steht fest: eine gute Kommunikation von Wissen und Wissenschaft ist ein grundlegender Bestandteil der erfolgreichen Bew\u00e4ltigung der Covid-19 Krise in Deutschland und weltweit. Diese wird uns voraussichtlich noch eine Weile begleiten. Somit ist genug Zeit, informiert zu bleiben und den Erkenntnissen der Wissenschaft zu lauschen.\u00a0<\/span><\/p>\n<p><em><span style=\"font-weight: 400;\">Autorin: Katja Klose<\/span><\/em><\/p>\n<p><b>Links zum Durchlesen und Informiert-Bleiben:<\/b><\/p>\n<ul>\n<li style=\"font-weight: 400;\"><span style=\"font-weight: 400;\">Das Nationale Institut f\u00fcr Wissenschaftskommunikation: <\/span><a href=\"https:\/\/www.nawik.de\/\"><span style=\"font-weight: 400;\">https:\/\/www.nawik.de\/<\/span><\/a><\/li>\n<li style=\"font-weight: 400;\"><span style=\"font-weight: 400;\">Die Bundesregierung informiert zum Coronavirus: <\/span><a href=\"https:\/\/www.bundesregierung.de\/breg-de\/themen\/coronavirus\"><span style=\"font-weight: 400;\">https:\/\/www.bundesregierung.de\/breg-de\/themen\/coronavirus<\/span><\/a><\/li>\n<li style=\"font-weight: 400;\"><span style=\"font-weight: 400;\">Das Robert-Koch Institut (RKI): <\/span><a href=\"https:\/\/www.rki.de\/DE\/Home\/homepage_node.html\"><span style=\"font-weight: 400;\">https:\/\/www.rki.de\/DE\/Home\/homepage_node.html<\/span><\/a><span style=\"font-weight: 400;\">\u00a0<\/span><\/li>\n<li style=\"font-weight: 400;\"><span style=\"font-weight: 400;\">Artikel \u201eCorona-Krise und die Medien\u201c: <\/span><a href=\"https:\/\/eijc.de\/2020\/04\/07\/corona-krise-und-die-medien\/\"><span style=\"font-weight: 400;\">https:\/\/eijc.de\/2020\/04\/07\/corona-krise-und-die-medien\/<\/span><\/a><\/li>\n<li style=\"font-weight: 400;\"><span style=\"font-weight: 400;\">Artikel \u201eAbschalten durch Einschalten\u201c: <\/span><a href=\"https:\/\/www.tagesspiegel.de\/gesellschaft\/medien\/fernsehen-in-der-coronakrise-abschalten-durch-einschalten\/25734744.html\"><span style=\"font-weight: 400;\">https:\/\/www.tagesspiegel.de\/gesellschaft\/medien\/fernsehen-in-der-coronakrise-abschalten-durch-einschalten\/25734744.html<\/span><\/a><span style=\"font-weight: 400;\">\u00a0<\/span><\/li>\n<li style=\"font-weight: 400;\"><span style=\"font-weight: 400;\">Artikel \u201eMedien in der Coronakrise: Gute Seiten \u2013 schlechte Seiten\u201c: <\/span><a href=\"https:\/\/www.fr.de\/kultur\/medien-corona-krise-print-ard-zdf-privat-fernsehen-radio-laeuft-13633823.html\"><span style=\"font-weight: 400;\">https:\/\/www.fr.de\/kultur\/medien-corona-krise-print-ard-zdf-privat-fernsehen-radio-laeuft-13633823.html<\/span><\/a><span style=\"font-weight: 400;\">\u00a0<\/span><\/li>\n<li style=\"font-weight: 400;\"><span style=\"font-weight: 400;\">Artikel \u201eMedien in der Corona Krise: Verdrostet!\u201c: <\/span><a href=\"https:\/\/www.deutschlandfunk.de\/medien-in-der-corona-krise-verdrostet.2907.de.html?dram:article_id=473271\"><span style=\"font-weight: 400;\">https:\/\/www.deutschlandfunk.de\/medien-in-der-corona-krise-verdrostet.2907.de.html?dram:article_id=473271<\/span><\/a><span style=\"font-weight: 400;\">\u00a0<\/span><\/li>\n<\/ul>\n<p>\u00a0<\/p>\n<p><b>Weitere interessante Themen:<\/b><\/p>\n<ul>\n<li style=\"font-weight: 400;\"><span style=\"font-weight: 400;\">Pressefreiheit w\u00e4hrend der Corona-Krise<\/span><\/li>\n<li style=\"font-weight: 400;\"><span style=\"font-weight: 400;\">Wie journalistische Fragestellungen Verwirrung stiften k\u00f6nnen<\/span><\/li>\n<li style=\"font-weight: 400;\"><span style=\"font-weight: 400;\">\u00dcbergriff auf das heute-show Team am 01.05.2020 in Berlin: Ein Einzelfall?\u00a0<\/span><\/li>\n<\/ul>\n<pre>*Dieser Beitrag ist im Rahmen des Kurses Krisenmanagement in der globalen Sars-Cov2\/ Covid 19 entstanden.<\/pre>\n","protected":false},"excerpt":{"rendered":"<p>\u201eDer strategische Schwerpunkt des BMBF in der Wissenschaftskommunikation liegt (\u2026) auf der direkten Kommunikation \u00fcber Wissenschaft und Forschung mit der interessierten und allgemeinen \u00d6ffentlichkeit \u00fcber Vermittlungs-, Dialog- und Beteiligungsformate.\u201c&nbsp; Grundsatzpapier des Bundesministeriums f\u00fcr Bildung und Forschung zur Wissenschaftskommunikation. (Stand: November 2019). Abgerufen am 02. Mai 2020<\/p>\n","protected":false},"author":26,"featured_media":0,"comment_status":"open","ping_status":"open","sticky":false,"template":"","format":"standard","meta":{"jetpack_post_was_ever_published":false,"_jetpack_newsletter_access":"","_jetpack_dont_email_post_to_subs":false,"_jetpack_newsletter_tier_id":0,"_jetpack_memberships_contains_paywalled_content":false,"_jetpack_memberships_contains_paid_content":false,"footnotes":"","jetpack_publicize_message":"","jetpack_publicize_feature_enabled":true,"jetpack_social_post_already_shared":true,"jetpack_social_options":{"image_generator_settings":{"template":"highway","default_image_id":0,"font":"","enabled":false},"version":2}},"categories":[6],"tags":[250,257],"class_list":["post-6583","post","type-post","status-publish","format-standard","hentry","category-gastbeitrage","tag-corona","tag-kommunikation"],"translation":{"provider":"WPGlobus","version":"3.0.2","language":"en","enabled_languages":["de","en"],"languages":{"de":{"title":true,"content":true,"excerpt":false},"en":{"title":false,"content":false,"excerpt":false}}},"jetpack_publicize_connections":[],"jetpack_featured_media_url":"","jetpack_sharing_enabled":true,"jetpack_shortlink":"https:\/\/wp.me\/p81wMH-1Ib","jetpack_likes_enabled":true,"_links":{"self":[{"href":"http:\/\/www.sofagoesabroad.de\/en\/wp-json\/wp\/v2\/posts\/6583","targetHints":{"allow":["GET"]}}],"collection":[{"href":"http:\/\/www.sofagoesabroad.de\/en\/wp-json\/wp\/v2\/posts"}],"about":[{"href":"http:\/\/www.sofagoesabroad.de\/en\/wp-json\/wp\/v2\/types\/post"}],"author":[{"embeddable":true,"href":"http:\/\/www.sofagoesabroad.de\/en\/wp-json\/wp\/v2\/users\/26"}],"replies":[{"embeddable":true,"href":"http:\/\/www.sofagoesabroad.de\/en\/wp-json\/wp\/v2\/comments?post=6583"}],"version-history":[{"count":7,"href":"http:\/\/www.sofagoesabroad.de\/en\/wp-json\/wp\/v2\/posts\/6583\/revisions"}],"predecessor-version":[{"id":6601,"href":"http:\/\/www.sofagoesabroad.de\/en\/wp-json\/wp\/v2\/posts\/6583\/revisions\/6601"}],"wp:attachment":[{"href":"http:\/\/www.sofagoesabroad.de\/en\/wp-json\/wp\/v2\/media?parent=6583"}],"wp:term":[{"taxonomy":"category","embeddable":true,"href":"http:\/\/www.sofagoesabroad.de\/en\/wp-json\/wp\/v2\/categories?post=6583"},{"taxonomy":"post_tag","embeddable":true,"href":"http:\/\/www.sofagoesabroad.de\/en\/wp-json\/wp\/v2\/tags?post=6583"}],"curies":[{"name":"wp","href":"https:\/\/api.w.org\/{rel}","templated":true}]}}