{"id":6449,"date":"2019-06-17T14:56:59","date_gmt":"2019-06-17T14:56:59","guid":{"rendered":"http:\/\/www.sofagoesabroad.de\/?p=6449"},"modified":"2019-06-17T14:57:06","modified_gmt":"2019-06-17T14:57:06","slug":"ramadan-kareem","status":"publish","type":"post","link":"http:\/\/www.sofagoesabroad.de\/en\/ramadan-kareem\/","title":{"rendered":"Ramadan kareem !"},"content":{"rendered":"\n<p>Wie die meisten sicherlich mitbekommen haben d\u00fcrften, war im Mai der Monat des Ramadans. Jeder in Marokko lebende nicht-Muslim steht vor der Frage: wie geht man damit um? Eigentlich gibt es drei M\u00f6glichkeiten: <br> Nummer eins: nicht fasten. <br> Nummer zwei: Eingeschr\u00e4nkt fasten. Viele verzichten zum Beispiel auf Essen, aber nicht auf Trinken. <br> Nummer drei: Mitfasten.<\/p>\n\n\n\n<p>Um ein Missverst\u00e4ndnis aus dem Weg zu r\u00e4umen: Man fastet w\u00e4hrend die Sonne am Himmel steht nicht nur Essen und Trinken. Man verzichtet auf jeglichen Konsum, man besinnt sich. Das hei\u00dft: Kein Sex (auch nicht der Gedanke), keine Zigaretten, man sollte nicht beleidigen, nett zu seinen Mitmenschen sein, den Armen spenden, etc&#8230; ich glaube ihr habt das Prinzip verstanden. <\/p>\n\n\n\n<p>Ich selbst habe\nmich aus verschiedenen Gr\u00fcnden f\u00fcr Nummer drei entschieden. Der erste war ganz\nklar: Solidarit\u00e4t. Ich arbeite mit vielen Muslimen die den ganzen Tag fasteten,\nau\u00dferdem fasteten alle meine Freunde. Der zweite Grund (es mag euch seltsam\nvorkommen): Neugier. Wie ist es zu fasten?<\/p>\n\n\n\n<p>Meine Meinung zum\nRamadan hat sich mit der Erfahrung es selbst mit zu machen sehr ver\u00e4ndert. Ich\ndachte davor, es sei eigentlich unm\u00f6glich f\u00fcr mich, den ganzen Tag nichts\naufzunehmen. Eigentlich habe ich mich schon mental darauf vorbereitet,\nsp\u00e4testens am Ende der ersten Woche zusammenzuklappen. <\/p>\n\n\n\n<p>Aber die Realit\u00e4t\nist: die ersten zwei, drei Tage sind schwer. Ab 13 Uhr tr\u00e4umte ich nur noch von\nWasser, ab 14 Uhr von Snickers und Pizza. Die Kopfschmerzen kamen so um 16 Uhr.\nAber am schlimmsten war, dass ich unglaublich schlecht drauf war, man k\u00f6nnte\nsagen \u201eauf Krawall geb\u00fcrstet\u201c. In Erwartung des Iftar (Fastenbrechen), plante\nich schon was ich kochen w\u00fcrde. Und dann war es sieben, noch zwanzig Minuten\nbis der Muezzin ruft, und das Fasten gebrochen werden darf. &nbsp;Ich hatte sogar Kuchen gekauft, weil mein\nK\u00f6rper f\u00f6rmlich nach Zucker geschrien hat. <\/p>\n\n\n\n<p>Und dann vergeht\ndie erste Woche. Dann wurde es einfacher, am Ende der Zeit, hatte ich kaum mehr\nProbleme. Zugegeben, ich war gereizt. Aber das ist jeder. Das merkt man schon\nauf der Stra\u00dfe, ich rate hiermit jedem davon ab w\u00e4hrend des Ramadans\nnachmittags in ein Taxi zu steigen. Ich habe auch nicht, wie erwartet, abgenommen.\nIm Gegenteil, nach dem Fasten f\u00fchlte ich mich ges\u00fcnder, vielleicht sogar\nentgiftet. <\/p>\n\n\n\n<p>So weit so gut,\ndas sind meine Erfahrungen. Und jetzt zur obligatorischen Frage, warum fasten,\nwenn man kein Muslime ist? Zu den oben genannten Gr\u00fcnden m\u00f6chte ich hinzuf\u00fcgen,\ndass auch Muslime selbst nicht nur aus religi\u00f6sen Gr\u00fcnden fasten. Es hat auch\ngesellschaftliche und spirituelle Facetten. Es ist ein Gef\u00fchl der Gemeinschaft,\nalle ziehen es gemeinsam durch. Au\u00dferdem ist es ein Monat des in sich Gehens.\nDaf\u00fcr muss man gar nicht gl\u00e4ubig sein, ich hab zum Beispiel viel \u00fcber den Islam\ngelesen. Andere nutzen die Zeit um \u201esich selbst zu erkunden\u201c. Ich f\u00fcr meinen\nTeil, halte nicht viel von diesem ganzen Weg zu sich selbst finden, aber das ist\njedem selbst \u00fcberlassen. Viele Marokkaner die ich fragte, was denn das\nHauptziel des Ramadans w\u00e4re, sagten, es w\u00fcrde auch dem Zweck dienen, sich\nselbst gegen\u00fcber dem Leben, welches die Armen f\u00fchren, zu sensibilisieren. <\/p>\n\n\n\n<p>Ich m\u00f6chte weder\nwerten, noch eure Meinung \u00fcber den Ramadan beeinflussen. Trotzdem w\u00fcrde ich\ndiesen Bericht gerne mit zwei Denkanst\u00f6\u00dfen aus Marokko beenden. In Fes\nprotestierte eine Gruppe Obdachloser, in dem sie den ganzen Tag a\u00dfen, um zu\nverstehen, wie es \u201eden Reichen\u201c (in dem Fall jene, die immer Zugriff auf Essen\nhaben) geht. Und in Rabat passierte es nicht nur einmal, dass Menschen die\n\u00f6ffentlich auf der Stra\u00dfe nicht fasteten (z.B. Rauchen, Essen, Trinken), fest\ngenommen wurden. <\/p>\n\n\n\n<p>Was ich vom\nRamadan gelernt habe? Es ist erstaunlich, wozu mein K\u00f6rper allein durch\nWillenskraft f\u00e4hig ist, ich denke, ich untersch\u00e4tze manchmal, wie belastbar ich\nbin. <\/p>\n\n\n\n<figure class=\"wp-block-image\"><img data-recalc-dims=\"1\" loading=\"lazy\" decoding=\"async\" width=\"790\" height=\"453\" data-attachment-id=\"6451\" data-permalink=\"http:\/\/www.sofagoesabroad.de\/en\/ramadan-kareem\/843e0d6c97f329d7e99f1fe4f4ac5a5b\/\" data-orig-file=\"https:\/\/i0.wp.com\/www.sofagoesabroad.de\/wp-content\/uploads\/2019\/06\/843e0d6c97f329d7e99f1fe4f4ac5a5b.jpg?fit=912%2C523\" data-orig-size=\"912,523\" data-comments-opened=\"1\" data-image-meta=\"{&quot;aperture&quot;:&quot;0&quot;,&quot;credit&quot;:&quot;&quot;,&quot;camera&quot;:&quot;&quot;,&quot;caption&quot;:&quot;&quot;,&quot;created_timestamp&quot;:&quot;0&quot;,&quot;copyright&quot;:&quot;&quot;,&quot;focal_length&quot;:&quot;0&quot;,&quot;iso&quot;:&quot;0&quot;,&quot;shutter_speed&quot;:&quot;0&quot;,&quot;title&quot;:&quot;&quot;,&quot;orientation&quot;:&quot;0&quot;}\" data-image-title=\"843e0d6c97f329d7e99f1fe4f4ac5a5b\" data-image-description=\"\" data-image-caption=\"\" data-large-file=\"https:\/\/i0.wp.com\/www.sofagoesabroad.de\/wp-content\/uploads\/2019\/06\/843e0d6c97f329d7e99f1fe4f4ac5a5b.jpg?fit=790%2C453\" src=\"https:\/\/i0.wp.com\/www.sofagoesabroad.de\/wp-content\/uploads\/2019\/06\/843e0d6c97f329d7e99f1fe4f4ac5a5b.jpg?resize=790%2C453\" alt=\"\" class=\"wp-image-6451\" srcset=\"https:\/\/i0.wp.com\/www.sofagoesabroad.de\/wp-content\/uploads\/2019\/06\/843e0d6c97f329d7e99f1fe4f4ac5a5b.jpg?w=912 912w, https:\/\/i0.wp.com\/www.sofagoesabroad.de\/wp-content\/uploads\/2019\/06\/843e0d6c97f329d7e99f1fe4f4ac5a5b.jpg?resize=300%2C172 300w, https:\/\/i0.wp.com\/www.sofagoesabroad.de\/wp-content\/uploads\/2019\/06\/843e0d6c97f329d7e99f1fe4f4ac5a5b.jpg?resize=768%2C440 768w\" sizes=\"auto, (max-width: 790px) 100vw, 790px\" \/><figcaption>Iftar beginnt man mit einer ungeraden Anzahl an Datteln und Harira (Suppe)- Au\u00dferdem gibt es S\u00fc\u00dfes (vor allem Chebakia, ein Sesam Honig Geb\u00e4ck), Ei, Brot und h\u00e4ufig kleine herzhafte Snacks, ein bisschen wie &#8220;Mini Pizza&#8221;.<\/figcaption><\/figure>\n","protected":false},"excerpt":{"rendered":"<p>Wie die meisten sicherlich mitbekommen haben d\u00fcrften, war im Mai der Monat des Ramadans. Jeder in Marokko lebende nicht-Muslim steht vor der Frage: wie geht man damit um? Eigentlich gibt es drei M\u00f6glichkeiten: Nummer eins: nicht fasten. Nummer zwei: Eingeschr\u00e4nkt fasten. Viele verzichten zum Beispiel auf Essen, aber nicht auf Trinken. Nummer drei: Mitfasten. Um&hellip; <\/p>\n","protected":false},"author":20,"featured_media":6450,"comment_status":"open","ping_status":"open","sticky":false,"template":"","format":"standard","meta":{"jetpack_post_was_ever_published":false,"_jetpack_newsletter_access":"","_jetpack_dont_email_post_to_subs":false,"_jetpack_newsletter_tier_id":0,"_jetpack_memberships_contains_paywalled_content":false,"_jetpack_memberships_contains_paid_content":false,"footnotes":"","jetpack_publicize_message":"","jetpack_publicize_feature_enabled":true,"jetpack_social_post_already_shared":true,"jetpack_social_options":{"image_generator_settings":{"template":"highway","default_image_id":0,"font":"","enabled":false},"version":2}},"categories":[212],"tags":[],"class_list":["post-6449","post","type-post","status-publish","format-standard","has-post-thumbnail","hentry","category-pola-marokko"],"translation":{"provider":"WPGlobus","version":"3.0.2","language":"en","enabled_languages":["de","en"],"languages":{"de":{"title":true,"content":true,"excerpt":false},"en":{"title":false,"content":false,"excerpt":false}}},"jetpack_publicize_connections":[],"jetpack_featured_media_url":"https:\/\/i0.wp.com\/www.sofagoesabroad.de\/wp-content\/uploads\/2019\/06\/ramadankareem.png?fit=542%2C375","jetpack_sharing_enabled":true,"jetpack_shortlink":"https:\/\/wp.me\/p81wMH-1G1","jetpack_likes_enabled":true,"_links":{"self":[{"href":"http:\/\/www.sofagoesabroad.de\/en\/wp-json\/wp\/v2\/posts\/6449","targetHints":{"allow":["GET"]}}],"collection":[{"href":"http:\/\/www.sofagoesabroad.de\/en\/wp-json\/wp\/v2\/posts"}],"about":[{"href":"http:\/\/www.sofagoesabroad.de\/en\/wp-json\/wp\/v2\/types\/post"}],"author":[{"embeddable":true,"href":"http:\/\/www.sofagoesabroad.de\/en\/wp-json\/wp\/v2\/users\/20"}],"replies":[{"embeddable":true,"href":"http:\/\/www.sofagoesabroad.de\/en\/wp-json\/wp\/v2\/comments?post=6449"}],"version-history":[{"count":10,"href":"http:\/\/www.sofagoesabroad.de\/en\/wp-json\/wp\/v2\/posts\/6449\/revisions"}],"predecessor-version":[{"id":6461,"href":"http:\/\/www.sofagoesabroad.de\/en\/wp-json\/wp\/v2\/posts\/6449\/revisions\/6461"}],"wp:featuredmedia":[{"embeddable":true,"href":"http:\/\/www.sofagoesabroad.de\/en\/wp-json\/wp\/v2\/media\/6450"}],"wp:attachment":[{"href":"http:\/\/www.sofagoesabroad.de\/en\/wp-json\/wp\/v2\/media?parent=6449"}],"wp:term":[{"taxonomy":"category","embeddable":true,"href":"http:\/\/www.sofagoesabroad.de\/en\/wp-json\/wp\/v2\/categories?post=6449"},{"taxonomy":"post_tag","embeddable":true,"href":"http:\/\/www.sofagoesabroad.de\/en\/wp-json\/wp\/v2\/tags?post=6449"}],"curies":[{"name":"wp","href":"https:\/\/api.w.org\/{rel}","templated":true}]}}