{"id":5215,"date":"2018-03-20T21:37:02","date_gmt":"2018-03-20T21:37:02","guid":{"rendered":"http:\/\/www.sofagoesabroad.de\/?p=5215"},"modified":"2019-02-25T08:36:48","modified_gmt":"2019-02-25T08:36:48","slug":"die-neue-generation","status":"publish","type":"post","link":"http:\/\/www.sofagoesabroad.de\/en\/die-neue-generation\/","title":{"rendered":"The new generation"},"content":{"rendered":"<p><a href=\"https:\/\/i0.wp.com\/www.sofagoesabroad.de\/wp-content\/uploads\/2018\/03\/ImageBlogpost.jpeg\"><img data-recalc-dims=\"1\" loading=\"lazy\" decoding=\"async\" data-attachment-id=\"5216\" data-permalink=\"http:\/\/www.sofagoesabroad.de\/en\/die-neue-generation\/imageblogpost\/\" data-orig-file=\"https:\/\/i0.wp.com\/www.sofagoesabroad.de\/wp-content\/uploads\/2018\/03\/ImageBlogpost.jpeg?fit=1280%2C1280\" data-orig-size=\"1280,1280\" data-comments-opened=\"1\" data-image-meta=\"{&quot;aperture&quot;:&quot;0&quot;,&quot;credit&quot;:&quot;&quot;,&quot;camera&quot;:&quot;&quot;,&quot;caption&quot;:&quot;&quot;,&quot;created_timestamp&quot;:&quot;0&quot;,&quot;copyright&quot;:&quot;&quot;,&quot;focal_length&quot;:&quot;0&quot;,&quot;iso&quot;:&quot;0&quot;,&quot;shutter_speed&quot;:&quot;0&quot;,&quot;title&quot;:&quot;&quot;,&quot;orientation&quot;:&quot;0&quot;}\" data-image-title=\"ImageBlogpost\" data-image-description=\"\" data-image-caption=\"\" data-large-file=\"https:\/\/i0.wp.com\/www.sofagoesabroad.de\/wp-content\/uploads\/2018\/03\/ImageBlogpost.jpeg?fit=790%2C790\" class=\" wp-image-5216 aligncenter\" src=\"https:\/\/i0.wp.com\/www.sofagoesabroad.de\/wp-content\/uploads\/2018\/03\/ImageBlogpost.jpeg?resize=400%2C400\" alt=\"\" width=\"400\" height=\"400\" srcset=\"https:\/\/i0.wp.com\/www.sofagoesabroad.de\/wp-content\/uploads\/2018\/03\/ImageBlogpost.jpeg?resize=300%2C300 300w, https:\/\/i0.wp.com\/www.sofagoesabroad.de\/wp-content\/uploads\/2018\/03\/ImageBlogpost.jpeg?resize=150%2C150 150w, https:\/\/i0.wp.com\/www.sofagoesabroad.de\/wp-content\/uploads\/2018\/03\/ImageBlogpost.jpeg?resize=768%2C768 768w, https:\/\/i0.wp.com\/www.sofagoesabroad.de\/wp-content\/uploads\/2018\/03\/ImageBlogpost.jpeg?resize=1024%2C1024 1024w, https:\/\/i0.wp.com\/www.sofagoesabroad.de\/wp-content\/uploads\/2018\/03\/ImageBlogpost.jpeg?w=1280 1280w\" sizes=\"auto, (max-width: 400px) 100vw, 400px\" \/><\/a><\/p>\n<p><em><span style=\"font-weight: 400; font-size: 14pt;\">Sofa goes abroad? Wie, welches Sofa? <\/span><\/em><span style=\"font-weight: 400;\"><em><span style=\"font-size: 14pt;\">Sollte das nicht ein Reise-Blog <\/span><span style=\"font-size: 14pt;\">sein<\/span>? <\/em><\/span><\/p>\n<p><span style=\"font-weight: 400;\">Wir m\u00f6chten gern alle neuen Leser dieses Blogs willkommen hei\u00dfen und \u201calte\u201d Hasen zur\u00fcck begr\u00fc\u00dfen. Endlich kommt hier wieder Schwung in die Bude, jetzt mit neuer Besetzung. Kathi, Flo, Philip, Malin, Janette und Lotti sind lang zur\u00fcck von ihrem Auslandsaufenthalt und sind nun eifrig am Bachelor-Arbeit schreiben oder schon auf dem Weg zu neuen Abenteuern. Sie haben den Staffelstab an uns weitergereicht und uns eingeladen, ihr virtuelles Reisetagebuch weiterzuf\u00fchren. Das Reisetagebuch, das ist dieser Blog. Warum er nach einem Sofa benannt ist, k\u00f6nnt ihr unten rechts nachlesen. <\/span><\/p>\n<p><span style=\"font-weight: 400;\">Doch wer sind eigentlich \u201cwir\u201d? Wir, das sind Eva, Lea, Jenny, Lucina, Christina und Laura. Gemeinsam studieren wir an der OTH Regensburg International Relations and Management. Teil dieses Studiums ist es, zwei Semester im Ausland zu verbringen. W\u00e4hrend ein Semester an einer ausl\u00e4ndischen Universit\u00e4t absolviert wird, bietet das zweite Semester die M\u00f6glichkeit bei einem Auslandspraktikum berufliche Erfahrungen zu sammeln. Die Reihenfolge kann jeder nach Belieben selbst bestimmen. Sowie es schon unsere Vorg\u00e4nger gezeigt haben, m\u00f6chten wir diesen Blog gern nutzen, um euch auf unsere Abenteuer mitzunehmen und euch von unseren Erfahrungen auf der ganzen Welt zu berichten. Ein Jahr lang m\u00f6chten wir von Erlebnissen, Eindr\u00fccken, guten und schlechten Erfahrungen rund um den Globus erz\u00e4hlen. Wie nehmen euch mit auf eine Entdeckungsreise von Spanien nach Kanada, \u00fcber Estland nach Portugal bis Irland und Kolumbien. In diesem ersten Beitrag der neuen Sofa-Crew m\u00f6chten wir uns gerne pers\u00f6nlich vorstellen und euch zeigen, wer denn da eigentlich den Weg vom Sofa in die weite Welt gefunden hat. <\/span><\/p>\n<h3><span style=\"font-weight: 400;\">Laura<\/span><\/h3>\n<p><span style=\"font-weight: 400;\">Mein Name ist Laura. Ich bin 21 Jahre alt und komme urspr\u00fcnglich aus dem wundersch\u00f6nen Dresden. Zum Studium hat es mich nach Regensburg an die Donau gezogen. Der Studiengang mit den zwei obligatorischen Auslandssemestern hat mich derart \u00fcberzeugt, dass nach Bayern gezogen bin, quasi also zum Studium im Ausland. Seit meinem einj\u00e4hrigen Sch\u00fcleraustausch 2012\/13 in Taiwan im Rahmen des Rotary Youth Exchange Programs h\u00e4lt es mich nicht lange an einem Ort. Nach dem Abitur zog es mich wieder in die Ferne, diesmal in die andere Richtung. F\u00fcr sechs Monate absolvierte ich ein freiwilliges Praktikum in einem Hotel in Costa Rica. Dort konnte ich meine Spanischkenntnisse auffrischen und meinen Kindheitstraum als Rezeptionisten ausleben. Nach einem halben Jahr voller interessanter Erfahrungen h\u00e4ngte ich meinen Traumjob als Hotelmanagerin allerdings an den Nagel und machte mich auf die Suche nach Studieng\u00e4ngen zu internationalen Beziehungen. Mein Austausch in Taiwan hat mich so nachhaltig gepr\u00e4gt, dass ich mich heute nicht nur mit Leib und Seele f\u00fcr den rotarischen Jugendaustausch engagiere, sondern es mir zum Ziel gesetzt habe, einen Beitrag, und wenn auch nur einen ganz kleinen, zur internationalen V\u00f6lkerverst\u00e4ndigung beizutragen. So entschied ich mich f\u00fcr das Studium in Regensburg. Bereits ab dem zweiten Semester drehte sich alles nur noch um das Auslandsjahr. F\u00fcr mich stand schnell fest, dass ich zum Studium auf jeden Fall zur\u00fcck nach Lateinamerika m\u00f6chte und zum Praktikum zum Ausw\u00e4rtigen Amt, am liebsten in den chinesischsprachigen Raum. Nun studiere ich bereits seit Mitte Januar an der Universidad de los Andes in Bogot\u00e1, Kolumbien. Im September beginnt mein Praktikum beim Ausw\u00e4rtigen Amt in Chengdu, einer weiteren 14-Millionen-Stadt in China, von der die wenigsten geh\u00f6rt haben. In K\u00fcrze werde ich von meinen ersten Erfahrungen und Eindr\u00fccken hier in Kolumbien berichten. Bleibt gespannt!<\/span><\/p>\n<p><a href=\"http:\/\/121degreeseastwards.blogspot.com.co\/\"><span style=\"font-weight: 400;\">http:\/\/121degreeseastwards.blogspot.com.co\/<\/span><\/a><\/p>\n<p><a href=\"http:\/\/83degreeswestwards.blogspot.com.co\/\"><span style=\"font-weight: 400;\">http:\/\/83degreeswestwards.blogspot.com.co\/<\/span><\/a><\/p>\n<h3><span style=\"font-weight: 400;\">Lea<\/span><\/h3>\n<p><span style=\"font-weight: 400;\">Ich hei\u00dfe Lea und bin 20 Jahre alt. Urspr\u00fcnglich komme ich aus einer Kleinstadt in der N\u00e4he von Ingolstadt, Bayern. Zum Studium nach Regensburg zu gehen war wohl eine meiner kl\u00fcgsten Entscheidungen bisher, denn nicht nur gibt es den Studiengang nur dort, sondern die Stadt ist auch einfach zauberhaft. Seit Mitte Januar nun mache ich mein Auslandssemester an der International School of Business in Dublin, Irland. Mein Aufenthalt hier ist meine erste nennenswerte Auslandserfahrung, was f\u00fcr IRMler eigentlich eher untypisch ist. Deswegen habe ich jetzt leider noch nicht so viel zu erz\u00e4hlen, hoffe jedoch, dass sich das schnell \u00e4ndert \ud83d\ude42 Auch ich muss dann noch ein Praktikum absolvieren, habe aber noch keine Ahnung, wo es mich hinverschl\u00e4gt. Ich bin mir allerdings sicher, dass jeder Ort, jede Stadt und jedes Land einzigartige Abenteuer bereith\u00e4lt. Ich freue mich darauf euch von meinem Leben hier in Dublin und sp\u00e4ter dann von \u201cIrgendwo\u201d zu berichten!<\/span><\/p>\n<h3><strong>Christina<\/strong><\/h3>\n<p><span style=\"font-weight: 400;\">Mein Name ist Christina und ich bin 19 Jahre alt. Urspr\u00fcnglich komme ich aus einem Dorf in der N\u00e4he von W\u00fcrzburg. Also war f\u00fcr mich selbst der Umzug in eine 150.000 Stadt wie Regensburg ein gro\u00dfer Schritt, aus meiner vorher relativ kleinen Welt. IRM war f\u00fcr mich eine absolut intuitive Entscheidung. Ich hatte mich nach dem Abi auf extrem unterschiedliche Studieng\u00e4nge in verschiedenen St\u00e4dten beworben, aber bei IRM und bei Regensburg hatte ich einfach das beste Bauchgef\u00fchl. Und dieses hat sich \u00fcber die 1 \u00bd Jahre, die ich bisher dort verbracht habe, nur best\u00e4tigt. Trotzdem, und nat\u00fcrlich wegen dem Aufbau des Studiums, hatte ich Lust auf mehr. Deshalb verbringe ich jetzt gerade mein Auslandsstudium in Bilbao, Nordspanien. Das ist das erste Mal, dass ich alleine und f\u00fcr eine l\u00e4ngere Zeit Deutschland verlasse. Alles ist f\u00fcr mich hier eine komplett neue Erfahrung mit vielen Herausforderungen, aber gr\u00f6\u00dftenteils positiven Momenten. Nach fast 6 Wochen hier habe ich mich jetzt auch schon ganz gut eingew\u00f6hnt, Leute kennen gelernt, die Gegend erkundet und einiges f\u00fcr die Universit\u00e4t erledigt. Das macht mir nur Hunger auf mehr und ich freue mich hier dar\u00fcber berichten zu k\u00f6nnen. In Bilbao werde ich bis Mitte Juni bleiben, irgendwann danach geht es dann ins Praktikum, das ich derzeit noch suche.<\/span><\/p>\n<h3><strong>Eva<\/strong><\/h3>\n<p><span style=\"font-weight: 400;\">Ich hei\u00dfe Eva, bin 20 Jahre alt und komme urspr\u00fcnglich aus Schleswig-Holstein, direkt von der Nordseek\u00fcste. W\u00e4hrend meiner Schulzeit war ich immer sehr politikbegeistert und hatte die Chance, an mehreren politischen Projekten teilzunehmen und auch in der Schulpolitik mitzuwirken. So hat es mich dann nach dem Abitur zum IRM Studium nach Bayern verschlagen und versuche mich auch neben dem Studium weiterhin f\u00fcr Dinge, die mich begeistern, zu engagieren. Besonders das IRM Network, ein Verein f\u00fcr alle IRM Studierenden Professoren und Alumni zur Vernetzung und zum Austausch, ist mir in anderthalb Jahren sehr ans Herz gewachsen. Nun hei\u00dft es aber Abschied nehmen, denn f\u00fcr mich geht es im April nach Winnipeg in Kanada, wo ich mein Auslandsstudium absolvieren werde. Von dort aus werde ich auch direkt ins Nachbarland reisen, um mein Auslandspraktikum in Washington DC zu absolvieren. Da ich schon beim IRM Network oft Artikel geschrieben habe, freue ich mich, das Schreiben weiterzuf\u00fchren und so Erlebnisse zu dokumentieren! <\/span><\/p>\n<h3><strong>Jenny<\/strong><\/h3>\n<p><span style=\"font-weight: 400;\">Ich bin Jenny und 22 Jahre alt. Ich komme aus Stein bei N\u00fcrnberg, wo ich 2014 mein Abitur gemacht habe. Daran anschlie\u00dfend verbrachte ich im Rahmen eines Freiwilligendienstes ein Jahr in Mexiko und arbeitete dort als Sprachassistentin an einer Schule. W\u00e4hrend dieser Zeit reifte auch der Wunsch, etwas mit internationalem Bezug studieren zu wollen. Allgemein fiel es mir aber schwer, mich f\u00fcr ein Studienfach zu entscheiden, weshalb mir ein interdisziplin\u00e4rer Studiengang wie IRM genau das Richtige schien. Mir gef\u00e4llt es, Einblicke in verschiedene Bereiche zu erhalten und besonders die M\u00f6glichkeit, eine neue Sprache (in meinem Fall Russisch) zu lernen, \u00fcberzeugte mich. So hat mich mein Weg schlie\u00dflich zum IRM-Studium nach Regensburg gef\u00fchrt. \u00a0\u00a0<\/span><\/p>\n<p><span style=\"font-weight: 400;\">F\u00fcr mich startete die Zeit im Ausland mit dem praktischen Teil. Seit Ende Januar bin ich in Tallinn und mache ein Praktikum an der Deutschen Botschaft. Anfang April geht es dann auch schon bald weiter zu meiner zweiten Praktikumsstelle am Deutschen Kulturinstitut Tartu, etwa zweieinhalb Stunden s\u00fcdlich der estnischen Hauptstadt. Zum Wintersemester werde ich dann wieder zur\u00fcck nach Tallinn kommen und somit ein komplettes Jahr in Estland verbringen.<\/span><\/p>\n<p><span style=\"font-weight: 400;\">Ich freue mich, euch hier \u00fcber meine Erlebnisse in Estland mit kalten Winter- und langen Sommertagen, an denen es fast nicht dunkel werden soll, zu berichten und selbst von den Abenteuern der anderen zu lesen.<\/span><\/p>\n<h3><strong>Lucina<\/strong><\/h3>\n<p><span style=\"font-weight: 400;\">Welche St\u00e4dte stecken wohl hinter den Namen auf der Anzeigetafel des Flughafens? Welche Ger\u00fcche, welche Sprachen, welche Menschen? Ich bin Lucina und diese Frage stelle ich mir, seit ich als Kind das Gewusel der Menschen am Frankfurter Flughafen bestaunte. Jetzt bin ich 21 und mein Leben hat sich gewisserma\u00dfen von dieser Frage leiten lassen.<\/span><\/p>\n<p><span style=\"font-weight: 400;\">Die Neugierde nach dem Unbekannten trieb mich mit 15 Jahren nach Brasilien. In einer warmherzigen Gastfamilie erlebte ich die vielen Widerspr\u00fcche, in denen sich dieses sch\u00f6ne Land bewegt. Zwischen \u00fcberschw\u00e4nglichen Begr\u00fc\u00dfungen und gelegentlich folgender Distanz, zwischen Armut und Reichtum, Offenheit und Diskriminierung ging ich manches Mal ein wenig verloren. Dies hielt mich jedoch nicht davon ab, dieses Land zu lieben. Ich hatte nicht nur enge Freunde und wertvolle Erfahrungen hinzugewonnen, sondern mit dem Einblick in eine andere Kultur auch eine neue Perspektive auf die Welt.<\/span><\/p>\n<p><span style=\"font-weight: 400;\">Die Neugierde und das Bed\u00fcrfnis die internationalen Verflechtungen besser zu verstehen motivierten mich nach meinem Abitur von Osnabr\u00fcck nach Regensburg zu gehen: Der Studiengang IRM vereint f\u00fcr mich viele meiner Interessen und gibt mir mit dem Auslandsjahr die Chance f\u00fcr ein neues Abenteuer. Das Studiensemester verbringe ich im bezaubernden Porto, in Portugal. Aber mehr dazu dann in meinem ersten Blog Post. Wohin es f\u00fcr mein Praktikum geht bleibt offen und auch f\u00fcr mich spannend.<\/span><\/p>\n","protected":false},"excerpt":{"rendered":"<p>Sofa goes abroad? Wie, welches Sofa? Sollte das nicht ein Reise-Blog sein? Wir m\u00f6chten gern alle neuen Leser dieses Blogs willkommen hei\u00dfen und \u201calte\u201d Hasen zur\u00fcck begr\u00fc\u00dfen. Endlich kommt hier wieder Schwung in die Bude, jetzt mit neuer Besetzung. Kathi, Flo, Philip, Malin, Janette und Lotti sind lang zur\u00fcck von ihrem Auslandsaufenthalt und sind nun&hellip; <\/p>\n","protected":false},"author":15,"featured_media":5216,"comment_status":"open","ping_status":"open","sticky":false,"template":"","format":"standard","meta":{"jetpack_post_was_ever_published":false,"_jetpack_newsletter_access":"","_jetpack_dont_email_post_to_subs":false,"_jetpack_newsletter_tier_id":0,"_jetpack_memberships_contains_paywalled_content":false,"_jetpack_memberships_contains_paid_content":false,"footnotes":"","jetpack_publicize_message":"","jetpack_publicize_feature_enabled":true,"jetpack_social_post_already_shared":true,"jetpack_social_options":{"image_generator_settings":{"template":"highway","default_image_id":0,"font":"","enabled":false},"version":2}},"categories":[182,189,186,187,180,188,20,191],"tags":[190],"class_list":["post-5215","post","type-post","status-publish","format-standard","has-post-thumbnail","hentry","category-zwei","category-christina-spanien","category-eva-kanada","category-jenny-estland","category-lea-irland","category-lucina-portugal","category-sofa-updates","category-laura-kolumbien","tag-neuegeneration"],"translation":{"provider":"WPGlobus","version":"3.0.2","language":"en","enabled_languages":["de","en"],"languages":{"de":{"title":true,"content":true,"excerpt":false},"en":{"title":true,"content":false,"excerpt":false}}},"jetpack_publicize_connections":[],"jetpack_featured_media_url":"https:\/\/i0.wp.com\/www.sofagoesabroad.de\/wp-content\/uploads\/2018\/03\/ImageBlogpost.jpeg?fit=1280%2C1280","jetpack_sharing_enabled":true,"jetpack_shortlink":"https:\/\/wp.me\/p81wMH-1m7","jetpack_likes_enabled":true,"_links":{"self":[{"href":"http:\/\/www.sofagoesabroad.de\/en\/wp-json\/wp\/v2\/posts\/5215","targetHints":{"allow":["GET"]}}],"collection":[{"href":"http:\/\/www.sofagoesabroad.de\/en\/wp-json\/wp\/v2\/posts"}],"about":[{"href":"http:\/\/www.sofagoesabroad.de\/en\/wp-json\/wp\/v2\/types\/post"}],"author":[{"embeddable":true,"href":"http:\/\/www.sofagoesabroad.de\/en\/wp-json\/wp\/v2\/users\/15"}],"replies":[{"embeddable":true,"href":"http:\/\/www.sofagoesabroad.de\/en\/wp-json\/wp\/v2\/comments?post=5215"}],"version-history":[{"count":4,"href":"http:\/\/www.sofagoesabroad.de\/en\/wp-json\/wp\/v2\/posts\/5215\/revisions"}],"predecessor-version":[{"id":5414,"href":"http:\/\/www.sofagoesabroad.de\/en\/wp-json\/wp\/v2\/posts\/5215\/revisions\/5414"}],"wp:featuredmedia":[{"embeddable":true,"href":"http:\/\/www.sofagoesabroad.de\/en\/wp-json\/wp\/v2\/media\/5216"}],"wp:attachment":[{"href":"http:\/\/www.sofagoesabroad.de\/en\/wp-json\/wp\/v2\/media?parent=5215"}],"wp:term":[{"taxonomy":"category","embeddable":true,"href":"http:\/\/www.sofagoesabroad.de\/en\/wp-json\/wp\/v2\/categories?post=5215"},{"taxonomy":"post_tag","embeddable":true,"href":"http:\/\/www.sofagoesabroad.de\/en\/wp-json\/wp\/v2\/tags?post=5215"}],"curies":[{"name":"wp","href":"https:\/\/api.w.org\/{rel}","templated":true}]}}