{"id":4038,"date":"2016-10-27T15:53:31","date_gmt":"2016-10-27T15:53:31","guid":{"rendered":"http:\/\/www.sofagoesabroad.de\/?p=4038"},"modified":"2016-10-28T17:15:23","modified_gmt":"2016-10-28T17:15:23","slug":"kann-man-hillary-schon-zur-wahlsiegerin-erklaeren","status":"publish","type":"post","link":"http:\/\/www.sofagoesabroad.de\/en\/kann-man-hillary-schon-zur-wahlsiegerin-erklaeren\/","title":{"rendered":"Kann man Hillary schon zur Wahlsiegerin erkl\u00e4ren?"},"content":{"rendered":"<p>Man k\u00f6nnte es schon, die <a href=\"http:\/\/www.nytimes.com\/interactive\/2016\/us\/elections\/polls.html?_r=0\">aktuellen Umfragewerte<\/a> sprechen daf\u00fcr. Viele tun es auch. Gestern fand eine sehr interessante Diskussionsrunde der <em>WirtschaftsWoche<\/em> mit bekannten G\u00e4sten (<a href=\"https:\/\/de.wikipedia.org\/wiki\/Miriam_Meckel\">Miriam Meckel<\/a>,<a href=\"https:\/\/de.wikipedia.org\/wiki\/Robert_Zoellick\"> Robert Zoellick<\/a> und <a href=\"http:\/\/www.state.gov\/s\/p\/fapb\/185581.htm\">Karen Donfried)<\/a> im Konsulat statt. Es ging um die Zukunft der transatlantischen Beziehungen &#8211; ausgehend von einem Wahlsieg Hillary Clintons.<\/p>\n<p><!--more--><\/p>\n<p>Ob man es tun sollte, ist eine andere Frage. Die Wahl schon knapp zwei Wochen vor Ende f\u00fcr quasi entschieden zu erkl\u00e4ren, halte ich pers\u00f6nlich f\u00fcr etwas riskant. Millionen B\u00fcrger haben zwar schon gew\u00e4hlt und man geht davon aus, dass ein Gro\u00dfteil davon f\u00fcr Clinton gestimmt hat &#8211; aber die waren sich sowieso schon seit Monaten sicher. Meiner Meinung nach sendet es ein falsches Signal an all die Wahlberechtigten, die noch unentschlossen sind, oder glauben, dass ihre Stimme sowieso nicht z\u00e4hle. Zudem haben das Brexit-Referendum und die Volksabstimmung in Columbien zum Friedensvertrag einen bitteren Nachgeschmack bei mir hinterlassen &#8211; in beiden F\u00e4llen war man mehrheitlich auch von einem anderen Ausgang \u00fcberzeugt.<\/p>\n<p>Nichtsdestotrotz halte ich ein Szenario &#8216;President Clinton&#8217; auch f\u00fcr wahrscheinlicher &#8211; aber abgerechnet wird ja bekanntlich immer erst zum Schluss!<\/p>\n<p>\u00dcbrigens &#8211; es gibt noch einen anderen, unabh\u00e4ngigen Kandidaten: Evan McMullin, der &#8211; zumindest in Utah &#8211; das <a href=\"http:\/\/www.sueddeutsche.de\/politik\/usa-trump-clinton-evan-mcmullin-1.3221406\">Z\u00fcnglein an der Waage<\/a> sein k\u00f6nnte!<\/p>\n<p>&nbsp;<\/p>\n<p><em>Titelfoto von Hillary Clintons <a href=\"https:\/\/www.hillaryclinton.com\/forms\/concert-radio-city\/\" target=\"_blank\">Homepage<\/a>\u00a0<\/em><\/p>\n<p>&nbsp;<\/p>\n","protected":false},"excerpt":{"rendered":"<p>Man k\u00f6nnte es schon, die aktuellen Umfragewerte sprechen daf\u00fcr. Viele tun es auch. Gestern fand eine sehr interessante Diskussionsrunde der WirtschaftsWoche mit bekannten G\u00e4sten (Miriam Meckel, Robert Zoellick und Karen Donfried) im Konsulat statt. Es ging um die Zukunft der transatlantischen Beziehungen &#8211; ausgehend von einem Wahlsieg Hillary Clintons.<\/p>\n","protected":false},"author":8,"featured_media":4051,"comment_status":"open","ping_status":"open","sticky":false,"template":"","format":"standard","meta":{"jetpack_post_was_ever_published":false,"_jetpack_newsletter_access":"","_jetpack_dont_email_post_to_subs":true,"_jetpack_newsletter_tier_id":0,"_jetpack_memberships_contains_paywalled_content":false,"_jetpack_memberships_contains_paid_content":false,"footnotes":"","jetpack_publicize_message":"","jetpack_publicize_feature_enabled":true,"jetpack_social_post_already_shared":true,"jetpack_social_options":{"image_generator_settings":{"template":"highway","default_image_id":0,"font":"","enabled":false},"version":2}},"categories":[7],"tags":[124,85,123],"class_list":["post-4038","post","type-post","status-publish","format-standard","has-post-thumbnail","hentry","category-janette-usa","tag-meinung","tag-politik","tag-us-wahl"],"translation":{"provider":"WPGlobus","version":"3.0.2","language":"en","enabled_languages":["de","en"],"languages":{"de":{"title":true,"content":true,"excerpt":false},"en":{"title":false,"content":false,"excerpt":false}}},"jetpack_publicize_connections":[],"jetpack_featured_media_url":"https:\/\/i0.wp.com\/www.sofagoesabroad.de\/wp-content\/uploads\/2016\/10\/Form-Background-RadioCity-020516B__1_.jpg?fit=1440%2C930","jetpack_sharing_enabled":true,"jetpack_shortlink":"https:\/\/wp.me\/p81wMH-138","jetpack_likes_enabled":true,"_links":{"self":[{"href":"http:\/\/www.sofagoesabroad.de\/en\/wp-json\/wp\/v2\/posts\/4038","targetHints":{"allow":["GET"]}}],"collection":[{"href":"http:\/\/www.sofagoesabroad.de\/en\/wp-json\/wp\/v2\/posts"}],"about":[{"href":"http:\/\/www.sofagoesabroad.de\/en\/wp-json\/wp\/v2\/types\/post"}],"author":[{"embeddable":true,"href":"http:\/\/www.sofagoesabroad.de\/en\/wp-json\/wp\/v2\/users\/8"}],"replies":[{"embeddable":true,"href":"http:\/\/www.sofagoesabroad.de\/en\/wp-json\/wp\/v2\/comments?post=4038"}],"version-history":[{"count":4,"href":"http:\/\/www.sofagoesabroad.de\/en\/wp-json\/wp\/v2\/posts\/4038\/revisions"}],"predecessor-version":[{"id":4053,"href":"http:\/\/www.sofagoesabroad.de\/en\/wp-json\/wp\/v2\/posts\/4038\/revisions\/4053"}],"wp:featuredmedia":[{"embeddable":true,"href":"http:\/\/www.sofagoesabroad.de\/en\/wp-json\/wp\/v2\/media\/4051"}],"wp:attachment":[{"href":"http:\/\/www.sofagoesabroad.de\/en\/wp-json\/wp\/v2\/media?parent=4038"}],"wp:term":[{"taxonomy":"category","embeddable":true,"href":"http:\/\/www.sofagoesabroad.de\/en\/wp-json\/wp\/v2\/categories?post=4038"},{"taxonomy":"post_tag","embeddable":true,"href":"http:\/\/www.sofagoesabroad.de\/en\/wp-json\/wp\/v2\/tags?post=4038"}],"curies":[{"name":"wp","href":"https:\/\/api.w.org\/{rel}","templated":true}]}}