{"id":3046,"date":"2016-09-24T15:51:01","date_gmt":"2016-09-24T15:51:01","guid":{"rendered":"https:\/\/sofagoesabroad.wordpress.com\/?p=3046"},"modified":"2016-10-17T07:54:31","modified_gmt":"2016-10-17T07:54:31","slug":"willkommen-in-sambia","status":"publish","type":"post","link":"http:\/\/www.sofagoesabroad.de\/en\/willkommen-in-sambia\/","title":{"rendered":"Willkommen in Sambia"},"content":{"rendered":"<p>Seit Freitagnachmittag bin ich in der afrikanischen Metropole Lusaka, der Hauptstadt Sambias. F\u00fcr den zweiten Teil meines Auslandsjahres werde ich bis Ende Februar ein Praktikum bei der Friedrich-Ebert-Stiftung (FES) absolvieren.<\/p>\n<p>Beworben hatte ich mich daf\u00fcr recht spontan w\u00e4hrend meines Semesters in La Paz, und war sehr froh als die Zusage der Stiftung kam, da ich so ein zweites, neues Land im s\u00fcdlichen Afrika kennen lerne und gleichzeitig in einer solchen Umwelt praktische Arbeitserfahrung auf dem Feld der Entwicklungspolitik bekomme. Jacob, Mitarbeiter in der FES und Meike, meine Mitpraktikantin holten mich vom Flughafen ab, und fuhren mich dann direkt zu meiner WG in der Mushemi Road, wo ich jetzt mit anderen Deutschen, einem Syrer, einem Italiener und einem Niederl\u00e4nder wohne. Alle arbeiten in verschiedenen internationalen Institutionen in Lusaka, alle nur f\u00fcr einen \u00fcberschaubaren Zeitraum, und alle mit gro\u00dfer, vielf\u00e4ltiger Erfahrung im Ausland. So ergeben sich quasi automatisch Diskussionen und lustige Gespr\u00e4che \u00fcber verschiedene Kulturen, Entwicklungsl\u00e4nder und deren vielf\u00e4ltige Probleme.<\/p>\n<p><!--more--><\/p>\n<p>Wie immer sind die ersten Tage in einem fremden Land recht \u00e4hnlich. Alles beginnt mit der v\u00f6lligen Reiz\u00fcberflutung an Eindr\u00fccken, vieles erinnert mich an mein weltw\u00e4rts-Jahr in S\u00fcdafrika, die nach ein paar Stunden schon sehr erm\u00fcdend ist. So gibt es zum Beispiel keine B\u00fcrgersteige entlang der Stra\u00dfen, Staub h\u00e4ngt in der Luft, die gro\u00dfen Malls sind zentrale Anziehungspunkte und viele Gesch\u00e4fte haben die gleichen oder zumindest \u00e4hnliche Namen wie in Pretoria.<\/p>\n<p>Zum Gl\u00fcck konnte ich mich dann aber direkt ein bisschen in mein Zimmer zur\u00fcckziehen und ein bisschen durchschnaufen.<\/p>\n<p>Dann besteht normalerweise immer die erste Aufgabe darin, etwas zu essen zu besorgen. In diesem Fall nahmen mich meine Mitbewohner aber gleich in ein Restaurant mit, um den Freitag standesgem\u00e4\u00df zu beginnen und mich willkommen zu hei\u00dfen.<\/p>\n<p>Schon ist der erste Tag im fremden Land vorbei. Als ich dann am n\u00e4chsten Morgen von Gesang auf dem Nachbargrundst\u00fcck sanft geweckt wurde, war ich schon wieder sehr begeistert von diesem Fleckchen Erde.<\/p>\n<p>Als n\u00e4chstes ist es dann oft ratsam eine lokale SIM Karte zu besorgen und zu registrieren, was sich in meinem Fall als etwas langwieriger herausgestellt hat. Zun\u00e4chst ist es erstmal kein Problem, da ich durch meine WG Partner ja bestens vernetzt bin. Sp\u00e4testens, wenn ich am Montag ins Berufsleben einsteige, sollte es aber klappen.<\/p>\n<p>Den Rest des Tages war dann relaxen angesagt, eine Runde schwimmen im Pool und ein bisschen lesen und ratschen. P\u00fcnktlich um 17.00 geht dann auch das Licht aus, da wegen Stromknappheit unser Stadtviertel jeden Tag f\u00fcr 4 Stunden vom Netz genommen wird.<\/p>\n<p>So geht die Eingew\u00f6hnungszeit sehr schnell rum, und ich bin voller Zuversicht f\u00fcr die n\u00e4chsten Tage. Am Montag geht es ja auch schon in der Stiftung los.<\/p>\n<p>&nbsp;<\/p>\n<p>Titelfoto von: <a href=\"http:\/\/www.nationalflaggen.de\/sambia.htm\">http:\/\/www.nationalflaggen.de\/sambia.htm<\/a> (24.09.2016)<\/p>\n","protected":false},"excerpt":{"rendered":"<p>Seit Freitagnachmittag bin ich in der afrikanischen Metropole Lusaka, der Hauptstadt Sambias. F\u00fcr den zweiten Teil meines Auslandsjahres werde ich bis Ende Februar ein Praktikum bei der Friedrich-Ebert-Stiftung (FES) absolvieren. Beworben hatte ich mich daf\u00fcr recht spontan w\u00e4hrend meines Semesters in La Paz, und war sehr froh als die Zusage der Stiftung kam, da ich&hellip; <\/p>\n","protected":false},"author":7,"featured_media":3787,"comment_status":"open","ping_status":"closed","sticky":false,"template":"","format":"standard","meta":{"jetpack_post_was_ever_published":false,"_jetpack_newsletter_access":"","_jetpack_dont_email_post_to_subs":false,"_jetpack_newsletter_tier_id":0,"_jetpack_memberships_contains_paywalled_content":false,"_jetpack_memberships_contains_paid_content":false,"footnotes":"","jetpack_publicize_message":"","jetpack_publicize_feature_enabled":true,"jetpack_social_post_already_shared":false,"jetpack_social_options":{"image_generator_settings":{"template":"highway","default_image_id":0,"font":"","enabled":false},"version":2}},"categories":[5],"tags":[],"class_list":["post-3046","post","type-post","status-publish","format-standard","has-post-thumbnail","hentry","category-flo-sambia"],"translation":{"provider":"WPGlobus","version":"3.0.2","language":"en","enabled_languages":["de","en"],"languages":{"de":{"title":true,"content":true,"excerpt":false},"en":{"title":false,"content":false,"excerpt":false}}},"jetpack_publicize_connections":[],"jetpack_featured_media_url":"https:\/\/i0.wp.com\/www.sofagoesabroad.de\/wp-content\/uploads\/2016\/10\/flag_zambia_0011.png?fit=672%2C372","jetpack_sharing_enabled":true,"jetpack_shortlink":"https:\/\/wp.me\/p81wMH-N8","jetpack_likes_enabled":true,"_links":{"self":[{"href":"http:\/\/www.sofagoesabroad.de\/en\/wp-json\/wp\/v2\/posts\/3046","targetHints":{"allow":["GET"]}}],"collection":[{"href":"http:\/\/www.sofagoesabroad.de\/en\/wp-json\/wp\/v2\/posts"}],"about":[{"href":"http:\/\/www.sofagoesabroad.de\/en\/wp-json\/wp\/v2\/types\/post"}],"author":[{"embeddable":true,"href":"http:\/\/www.sofagoesabroad.de\/en\/wp-json\/wp\/v2\/users\/7"}],"replies":[{"embeddable":true,"href":"http:\/\/www.sofagoesabroad.de\/en\/wp-json\/wp\/v2\/comments?post=3046"}],"version-history":[{"count":1,"href":"http:\/\/www.sofagoesabroad.de\/en\/wp-json\/wp\/v2\/posts\/3046\/revisions"}],"predecessor-version":[{"id":3838,"href":"http:\/\/www.sofagoesabroad.de\/en\/wp-json\/wp\/v2\/posts\/3046\/revisions\/3838"}],"wp:featuredmedia":[{"embeddable":true,"href":"http:\/\/www.sofagoesabroad.de\/en\/wp-json\/wp\/v2\/media\/3787"}],"wp:attachment":[{"href":"http:\/\/www.sofagoesabroad.de\/en\/wp-json\/wp\/v2\/media?parent=3046"}],"wp:term":[{"taxonomy":"category","embeddable":true,"href":"http:\/\/www.sofagoesabroad.de\/en\/wp-json\/wp\/v2\/categories?post=3046"},{"taxonomy":"post_tag","embeddable":true,"href":"http:\/\/www.sofagoesabroad.de\/en\/wp-json\/wp\/v2\/tags?post=3046"}],"curies":[{"name":"wp","href":"https:\/\/api.w.org\/{rel}","templated":true}]}}